{"id":24420,"date":"2015-06-26T13:53:17","date_gmt":"2015-06-26T18:53:17","guid":{"rendered":"http:\/\/contraluzcucuta.co\/?p=24420"},"modified":"2015-07-03T13:00:52","modified_gmt":"2015-07-03T18:00:52","slug":"desde-afuera-este-relacionista-cucuteno-a-la-distancia-anora-el-mute","status":"publish","type":"post","link":"https:\/\/contraluzcucuta.co\/?p=24420","title":{"rendered":"DESDE AFUERA. Este relacionista cucute\u00f1o, a la distancia, a\u00f1ora el mute"},"content":{"rendered":"<p>Juan Carlos Rivera Labrador, de 31 a\u00f1os, un d\u00eda tom\u00f3 la decisi\u00f3n de partir de C\u00facuta, dejar el ambiente que disfrutaba en el barrio La Playa, junto a amigos y familiares, para trasladarse a Bogot\u00e1 y de ah\u00ed dar el salto a M\u00e9xico. Hoy, es director de relaciones p\u00fablicas y servicio en la Fundaci\u00f3n Americana de Becas.<\/p>\n<p>El anhelo por estudiar y prepararse para afrontar los retos de la vida lo hizo empacar maletas, en febrero de 2010. En ese mundo nuevo que escogi\u00f3 y que est\u00e1 lejos de casa extra\u00f1a a la familia, la gastronom\u00eda cucute\u00f1a, \u00a0en especial el mute dominical, los pasteles de garbanzo diarios y la sopa seca del hogar.<\/p>\n<p>Al principio, en tierra de los manitos, le result\u00f3 dif\u00edcil acostumbrarse a las comidas picantes. Esa es la costumbre de los mexicanos al sentarse a la mesa, gustos y sabores a los que un cucute\u00f1o demora para adaptarse.<\/p>\n<p>Para compartir momentos y recuerdos Juan Carlos no ha encontrado paisanos en donde vive. Aunque s\u00ed le ha quedado tiempo para hacer comparaciones entre \u00a0C\u00facuta, ciudad de bonitos paisajes y buen clima, y Hermosillo, des\u00e9rtica con temperaturas en verano que pueden ascender a 50 grados.<\/p>\n<p>El momento m\u00e1s dif\u00edcil durante la estad\u00eda en M\u00e9xico lo vivi\u00f3 en migraci\u00f3n por los papeles en regla olvidados. Y los momentos felices compartidos los marc\u00f3, sin duda, el nacimiento del primer hijo. Por eso, el \u00fanico instante en el que ha querido devolverse es en Vacaciones.<\/p>\n<p>Los mexicanos tienen una imagen buena de Colombia. Lo ven como el pa\u00eds cafetero que es, donde \u00a0sobresalen las mujeres bonitas. \u201cSe ha ido mejorando la imagen de nuestro pa\u00eds en el mundo, a tal punto que no se le solicita visa al colombiano para visitar M\u00e9xico\u201d.<\/p>\n<p>Algunas veces, en Hermosillo, la capital de Norte de Santander es \u00a0recordada por el trabajo del C\u00facuta Deportivo en Copa Libertadores (2007 \u2013 2008). En esa \u00e9poca el once motil\u00f3n venci\u00f3 al Toluca y lo dej\u00f3 fuera de competencia.<\/p>\n<p>Juan Carlos Rivera ha trasmitido el calor cucute\u00f1o entre los manitos \u201ccomo nos gusta ser, trabajadores, felices, de buen ambiente, amigables y positivos\u201d. Piensa que cada a\u00f1o visitar\u00e1 a la ciudad para renovar energ\u00edas. Eso ocurrir\u00e1 despu\u00e9s de que le entreguen la nacionalidad mexicana. Entonces, al regresar le gustar\u00eda ver a C\u00facuta segura.<\/p>\n<p>No hay alg\u00fan comparativo entre los gobernantes de all\u00e1 y los de ac\u00e1. Son similares. De lo que ocurre en la \u00a0ciudad se entera por medio de la familia y de las redes sociales. Le gusta saber qu\u00e9 ocurre con el f\u00fatbol y acerca del crecimiento econ\u00f3mico local.<\/p>\n<p>La camiseta del C\u00facuta Deportivo es el distintivo rojinegro con el que se identifica como cucute\u00f1o y la porta con orgullo, ese mismo que siente\u00a0 cuando escucha alguna canci\u00f3n colombiana.<\/p>\n<p>Los tiempos libres los dedica a la familia, a viajar, a ir a la playa y a visitar las salas de cine. La diferencia horaria entre C\u00facuta y Hermosillo es de apenas dos horas. No ha influido en alg\u00fan cambio sustancial en las costumbres y en la din\u00e1mica de la vida.<\/p>\n<p>El momento, a la distancia, que ha sentido mayor emoci\u00f3n al pensar en C\u00facuta ha sido en diciembre.<\/p>\n<p><strong>RAFAEL ANTONIO PAB\u00d3N<\/strong><\/p>\n<p><strong><a href=\"mailto:rafaelpabon58@hotmail.com\">rafaelpabon58@hotmail.com<\/a><\/strong><\/p>\n<p><strong>Foto: \u00c1LBUM FAMILIAR<\/strong><\/p>\n<p>&nbsp;<\/p>\n<p>&nbsp;<\/p>\n<p>&nbsp; <\/p>\n","protected":false},"excerpt":{"rendered":"<p>Juan Carlos Rivera Labrador, de 31 a\u00f1os, un d\u00eda tom\u00f3 la decisi\u00f3n de partir de C\u00facuta, dejar el ambiente que disfrutaba en el barrio La Playa, junto a amigos y familiares, para trasladarse a Bogot\u00e1 y de ah\u00ed dar el salto a M\u00e9xico. Hoy, es director de relaciones p\u00fablicas y servicio en la Fundaci\u00f3n Americana &hellip;<\/p>\n","protected":false},"author":1,"featured_media":24421,"comment_status":"open","ping_status":"open","sticky":false,"template":"","format":"standard","meta":{"footnotes":""},"categories":[45,168],"tags":[2324],"class_list":["post-24420","post","type-post","status-publish","format-standard","has-post-thumbnail","hentry","category-destacado","category-los-que-estan-afuera","tag-cucutenos-en-el-mundo"],"_links":{"self":[{"href":"https:\/\/contraluzcucuta.co\/index.php?rest_route=\/wp\/v2\/posts\/24420","targetHints":{"allow":["GET"]}}],"collection":[{"href":"https:\/\/contraluzcucuta.co\/index.php?rest_route=\/wp\/v2\/posts"}],"about":[{"href":"https:\/\/contraluzcucuta.co\/index.php?rest_route=\/wp\/v2\/types\/post"}],"author":[{"embeddable":true,"href":"https:\/\/contraluzcucuta.co\/index.php?rest_route=\/wp\/v2\/users\/1"}],"replies":[{"embeddable":true,"href":"https:\/\/contraluzcucuta.co\/index.php?rest_route=%2Fwp%2Fv2%2Fcomments&post=24420"}],"version-history":[{"count":1,"href":"https:\/\/contraluzcucuta.co\/index.php?rest_route=\/wp\/v2\/posts\/24420\/revisions"}],"predecessor-version":[{"id":24422,"href":"https:\/\/contraluzcucuta.co\/index.php?rest_route=\/wp\/v2\/posts\/24420\/revisions\/24422"}],"wp:featuredmedia":[{"embeddable":true,"href":"https:\/\/contraluzcucuta.co\/index.php?rest_route=\/wp\/v2\/media\/24421"}],"wp:attachment":[{"href":"https:\/\/contraluzcucuta.co\/index.php?rest_route=%2Fwp%2Fv2%2Fmedia&parent=24420"}],"wp:term":[{"taxonomy":"category","embeddable":true,"href":"https:\/\/contraluzcucuta.co\/index.php?rest_route=%2Fwp%2Fv2%2Fcategories&post=24420"},{"taxonomy":"post_tag","embeddable":true,"href":"https:\/\/contraluzcucuta.co\/index.php?rest_route=%2Fwp%2Fv2%2Ftags&post=24420"}],"curies":[{"name":"wp","href":"https:\/\/api.w.org\/{rel}","templated":true}]}}