{"id":24394,"date":"2015-06-24T21:13:17","date_gmt":"2015-06-25T02:13:17","guid":{"rendered":"http:\/\/contraluzcucuta.co\/?p=24394"},"modified":"2015-06-24T21:15:08","modified_gmt":"2015-06-25T02:15:08","slug":"candidato-a-la-alcaldia-entrena-directa-comunicacion-con-la-comunidad","status":"publish","type":"post","link":"https:\/\/contraluzcucuta.co\/?p=24394","title":{"rendered":"CANDIDATO A LA ALCALD\u00cdA. \u00a0Entrena, directa comunicaci\u00f3n con la comunidad"},"content":{"rendered":"<p><strong>C\u00daCUTA.-<\/strong> Los candidatos del Centro Democr\u00e1tico siguen el trabajo en la premisa del di\u00e1logo popular. Milla Romero, aspirante a la Gobernaci\u00f3n de Norte de Santander, y Sergio Entrena, candidato a la Alcald\u00eda de C\u00facuta, forman la llave pol\u00edtica de cara a las elecciones regionales del 25 de octubre.<\/p>\n<p>Los candidatos se concentran en uno de los principales pilares del partido, el di\u00e1logo popular, directa comunicaci\u00f3n con la comunidad en la que se conocen de primera mano los problemas de los habitantes de C\u00facuta.<\/p>\n<p>Los barrios La Merced, Nuevo Horizonte y Centro fueron visitados por los candidatos, que siguen el recorrido por la ciudad.<\/p>\n<p>Foto: PRENSA DE LA CAMPA\u00d1A <\/p>\n","protected":false},"excerpt":{"rendered":"<p>C\u00daCUTA.- Los candidatos del Centro Democr\u00e1tico siguen el trabajo en la premisa del di\u00e1logo popular. Milla Romero, aspirante a la Gobernaci\u00f3n de Norte de Santander, y Sergio Entrena, candidato a la Alcald\u00eda de C\u00facuta, forman la llave pol\u00edtica de cara a las elecciones regionales del 25 de octubre. Los candidatos se concentran en uno de &hellip;<\/p>\n","protected":false},"author":1,"featured_media":24396,"comment_status":"open","ping_status":"open","sticky":false,"template":"","format":"standard","meta":{"footnotes":""},"categories":[9],"tags":[108,2230],"class_list":["post-24394","post","type-post","status-publish","format-standard","has-post-thumbnail","hentry","category-politica","tag-candidato-a-la-alcaldia-de-cucuta","tag-sergio-entrena"],"_links":{"self":[{"href":"https:\/\/contraluzcucuta.co\/index.php?rest_route=\/wp\/v2\/posts\/24394","targetHints":{"allow":["GET"]}}],"collection":[{"href":"https:\/\/contraluzcucuta.co\/index.php?rest_route=\/wp\/v2\/posts"}],"about":[{"href":"https:\/\/contraluzcucuta.co\/index.php?rest_route=\/wp\/v2\/types\/post"}],"author":[{"embeddable":true,"href":"https:\/\/contraluzcucuta.co\/index.php?rest_route=\/wp\/v2\/users\/1"}],"replies":[{"embeddable":true,"href":"https:\/\/contraluzcucuta.co\/index.php?rest_route=%2Fwp%2Fv2%2Fcomments&post=24394"}],"version-history":[{"count":3,"href":"https:\/\/contraluzcucuta.co\/index.php?rest_route=\/wp\/v2\/posts\/24394\/revisions"}],"predecessor-version":[{"id":24398,"href":"https:\/\/contraluzcucuta.co\/index.php?rest_route=\/wp\/v2\/posts\/24394\/revisions\/24398"}],"wp:featuredmedia":[{"embeddable":true,"href":"https:\/\/contraluzcucuta.co\/index.php?rest_route=\/wp\/v2\/media\/24396"}],"wp:attachment":[{"href":"https:\/\/contraluzcucuta.co\/index.php?rest_route=%2Fwp%2Fv2%2Fmedia&parent=24394"}],"wp:term":[{"taxonomy":"category","embeddable":true,"href":"https:\/\/contraluzcucuta.co\/index.php?rest_route=%2Fwp%2Fv2%2Fcategories&post=24394"},{"taxonomy":"post_tag","embeddable":true,"href":"https:\/\/contraluzcucuta.co\/index.php?rest_route=%2Fwp%2Fv2%2Ftags&post=24394"}],"curies":[{"name":"wp","href":"https:\/\/api.w.org\/{rel}","templated":true}]}}