{"id":24386,"date":"2015-06-24T20:55:41","date_gmt":"2015-06-25T01:55:41","guid":{"rendered":"http:\/\/contraluzcucuta.co\/?p=24386"},"modified":"2015-06-24T20:55:41","modified_gmt":"2015-06-25T01:55:41","slug":"candidato-a-la-alcaldia-acevedo-hablo-sobre-inseguridad-y-educacion","status":"publish","type":"post","link":"https:\/\/contraluzcucuta.co\/?p=24386","title":{"rendered":"CANDIDATO A LA ALCALD\u00cdA. Acevedo habl\u00f3 sobre inseguridad y educaci\u00f3n"},"content":{"rendered":"<p><strong>C\u00daCUTA.-<\/strong> El precandidato a la Alcald\u00eda de C\u00facuta, Jorge Acevedo, habl\u00f3 sobre inseguridad y problemas de educaci\u00f3n en diferentes sectores de la ciudad. Los habitantes expusieron los problemas en busca de soluciones en los pr\u00f3ximos a\u00f1os.<\/p>\n<p>El candidato por el grupo significativo de ciudadanos \u2018Todos por C\u00facuta\u2019\u00a0 les habl\u00f3 a las comunidades sobre el proyecto de construir cinco complejos deportivos en la ciudad. Se\u00f1al\u00f3 la necesidad de contar con zonas de revitalizaci\u00f3n econ\u00f3mica para que mediante alianzas p\u00fablico-privadas se refuercen la vigilancia y seguridad.<\/p>\n<p>Seg\u00fan Acevedo, el pie de fuerza de la Polic\u00eda Metropolitana no satisface las solicitudes de la ciudadan\u00eda y, en esa medida, el apoyo de las alianzas p\u00fablico-privadas (APP)\u00a0 ser\u00eda un gran aliado para evitar el crimen.<\/p>\n<p>En la tarde, Jorge Acevedo recorri\u00f3 Valles del Gir\u00f3n, donde invit\u00f3 a los habitantes a contribuir en la construcci\u00f3n del plan de gobierno con ideas para la ciudad. <\/p>\n","protected":false},"excerpt":{"rendered":"<p>C\u00daCUTA.- El precandidato a la Alcald\u00eda de C\u00facuta, Jorge Acevedo, habl\u00f3 sobre inseguridad y problemas de educaci\u00f3n en diferentes sectores de la ciudad. Los habitantes expusieron los problemas en busca de soluciones en los pr\u00f3ximos a\u00f1os. El candidato por el grupo significativo de ciudadanos \u2018Todos por C\u00facuta\u2019\u00a0 les habl\u00f3 a las comunidades sobre el proyecto &hellip;<\/p>\n","protected":false},"author":1,"featured_media":24387,"comment_status":"open","ping_status":"open","sticky":false,"template":"","format":"standard","meta":{"footnotes":""},"categories":[9],"tags":[2206,2192],"class_list":["post-24386","post","type-post","status-publish","format-standard","has-post-thumbnail","hentry","category-politica","tag-candidatos-a-la-alcadia-de-cucuta","tag-jorge-acevedo"],"_links":{"self":[{"href":"https:\/\/contraluzcucuta.co\/index.php?rest_route=\/wp\/v2\/posts\/24386","targetHints":{"allow":["GET"]}}],"collection":[{"href":"https:\/\/contraluzcucuta.co\/index.php?rest_route=\/wp\/v2\/posts"}],"about":[{"href":"https:\/\/contraluzcucuta.co\/index.php?rest_route=\/wp\/v2\/types\/post"}],"author":[{"embeddable":true,"href":"https:\/\/contraluzcucuta.co\/index.php?rest_route=\/wp\/v2\/users\/1"}],"replies":[{"embeddable":true,"href":"https:\/\/contraluzcucuta.co\/index.php?rest_route=%2Fwp%2Fv2%2Fcomments&post=24386"}],"version-history":[{"count":1,"href":"https:\/\/contraluzcucuta.co\/index.php?rest_route=\/wp\/v2\/posts\/24386\/revisions"}],"predecessor-version":[{"id":24388,"href":"https:\/\/contraluzcucuta.co\/index.php?rest_route=\/wp\/v2\/posts\/24386\/revisions\/24388"}],"wp:featuredmedia":[{"embeddable":true,"href":"https:\/\/contraluzcucuta.co\/index.php?rest_route=\/wp\/v2\/media\/24387"}],"wp:attachment":[{"href":"https:\/\/contraluzcucuta.co\/index.php?rest_route=%2Fwp%2Fv2%2Fmedia&parent=24386"}],"wp:term":[{"taxonomy":"category","embeddable":true,"href":"https:\/\/contraluzcucuta.co\/index.php?rest_route=%2Fwp%2Fv2%2Fcategories&post=24386"},{"taxonomy":"post_tag","embeddable":true,"href":"https:\/\/contraluzcucuta.co\/index.php?rest_route=%2Fwp%2Fv2%2Ftags&post=24386"}],"curies":[{"name":"wp","href":"https:\/\/api.w.org\/{rel}","templated":true}]}}