{"id":24374,"date":"2015-06-22T11:42:07","date_gmt":"2015-06-22T16:42:07","guid":{"rendered":"http:\/\/contraluzcucuta.co\/?p=24374"},"modified":"2015-06-22T11:42:07","modified_gmt":"2015-06-22T16:42:07","slug":"candidato-a-la-alcaldia-todos-somos-protagonistas-de-la-movilidad-en-cucuta-luna","status":"publish","type":"post","link":"https:\/\/contraluzcucuta.co\/?p=24374","title":{"rendered":"CANDIDATO A LA ALCALD\u00cdA.\u00a0 \u201cTodos somos protagonistas de la movilidad en C\u00facuta\u201d: Luna"},"content":{"rendered":"<p><strong>C\u00daCUTA.-<\/strong> En atenci\u00f3n a una invitaci\u00f3n de trasportadores formales de C\u00facuta, Carlos Luna particip\u00f3 en el ejercicio de socializaci\u00f3n de alternativas para la operaci\u00f3n de sistemas de trasporte integrado que permitir\u00e1n organizar la prestaci\u00f3n del servicio p\u00fablico y solucionar problemas de movilidad.<\/p>\n<p>Durante el foro los asistentes conocieron las alternativas para optimizar flotas y el desarrollo de convenios de asociaci\u00f3n para subsidiar el servicio de trasporte tradicional en C\u00facuta. Estas experiencias ser\u00e1n analizadas t\u00e9cnicamente para alinearlas con la estrategia de movilidad propuesta, que incluye a los sectores involucrados, a partir de cuatro ejes:<\/p>\n<p>1.- Educaci\u00f3n vial<\/p>\n<p>2.- Profesionalizaci\u00f3n de agentes de Tr\u00e1nsito<\/p>\n<p>3.- Recuperaci\u00f3n de v\u00edas<\/p>\n<p>4.- Actualizaci\u00f3n y modernizaci\u00f3n de la red de sem\u00e1foros.<\/p>\n<p>\u201cTodos somos protagonistas de la movilidad, por eso en nuestra tarea por trasformar a C\u00facuta destacamos la importancia de estos espacios de discusi\u00f3n desde lo t\u00e9cnico\u201d, dijo el candidato.<\/p>\n<p>Las experiencias de otras regiones del pa\u00eds que pueden trabajarse en C\u00facuta permitir\u00e1n que los usuarios tengan garantizada la oportunidad y continuidad de las rutas de las busetas.<\/p>\n<p>Foto:\u00a0CAMPA\u00d1A POLITICA <\/p>\n","protected":false},"excerpt":{"rendered":"<p>C\u00daCUTA.- En atenci\u00f3n a una invitaci\u00f3n de trasportadores formales de C\u00facuta, Carlos Luna particip\u00f3 en el ejercicio de socializaci\u00f3n de alternativas para la operaci\u00f3n de sistemas de trasporte integrado que permitir\u00e1n organizar la prestaci\u00f3n del servicio p\u00fablico y solucionar problemas de movilidad. Durante el foro los asistentes conocieron las alternativas para optimizar flotas y el &hellip;<\/p>\n","protected":false},"author":1,"featured_media":24375,"comment_status":"open","ping_status":"open","sticky":false,"template":"","format":"standard","meta":{"footnotes":""},"categories":[9],"tags":[2314,1592],"class_list":["post-24374","post","type-post","status-publish","format-standard","has-post-thumbnail","hentry","category-politica","tag-candidato-a-la-alcaldia","tag-carlos-luna"],"_links":{"self":[{"href":"https:\/\/contraluzcucuta.co\/index.php?rest_route=\/wp\/v2\/posts\/24374","targetHints":{"allow":["GET"]}}],"collection":[{"href":"https:\/\/contraluzcucuta.co\/index.php?rest_route=\/wp\/v2\/posts"}],"about":[{"href":"https:\/\/contraluzcucuta.co\/index.php?rest_route=\/wp\/v2\/types\/post"}],"author":[{"embeddable":true,"href":"https:\/\/contraluzcucuta.co\/index.php?rest_route=\/wp\/v2\/users\/1"}],"replies":[{"embeddable":true,"href":"https:\/\/contraluzcucuta.co\/index.php?rest_route=%2Fwp%2Fv2%2Fcomments&post=24374"}],"version-history":[{"count":1,"href":"https:\/\/contraluzcucuta.co\/index.php?rest_route=\/wp\/v2\/posts\/24374\/revisions"}],"predecessor-version":[{"id":24376,"href":"https:\/\/contraluzcucuta.co\/index.php?rest_route=\/wp\/v2\/posts\/24374\/revisions\/24376"}],"wp:featuredmedia":[{"embeddable":true,"href":"https:\/\/contraluzcucuta.co\/index.php?rest_route=\/wp\/v2\/media\/24375"}],"wp:attachment":[{"href":"https:\/\/contraluzcucuta.co\/index.php?rest_route=%2Fwp%2Fv2%2Fmedia&parent=24374"}],"wp:term":[{"taxonomy":"category","embeddable":true,"href":"https:\/\/contraluzcucuta.co\/index.php?rest_route=%2Fwp%2Fv2%2Fcategories&post=24374"},{"taxonomy":"post_tag","embeddable":true,"href":"https:\/\/contraluzcucuta.co\/index.php?rest_route=%2Fwp%2Fv2%2Ftags&post=24374"}],"curies":[{"name":"wp","href":"https:\/\/api.w.org\/{rel}","templated":true}]}}