{"id":24371,"date":"2015-06-22T11:28:18","date_gmt":"2015-06-22T16:28:18","guid":{"rendered":"http:\/\/contraluzcucuta.co\/?p=24371"},"modified":"2015-06-22T11:28:18","modified_gmt":"2015-06-22T16:28:18","slug":"candidato-a-la-alcaldia-mariam-hellal-se-une-a-todos-por-cucuta","status":"publish","type":"post","link":"https:\/\/contraluzcucuta.co\/?p=24371","title":{"rendered":"CANDIDATO A LA ALCALD\u00cdA. Mariam Hellal se une a \u2018Todos por C\u00facuta\u2019"},"content":{"rendered":"<p><strong>C\u00daCUTA.-<\/strong> Jorge Acevedo, precandidato a la Alcald\u00eda de C\u00facuta, design\u00f3 a\u00a0\u00a0 Mariam Hellal Su\u00e1rez como\u00a0 jefa de relaciones p\u00fablicas del grupo significativo de ciudadanos \u2018Todos por C\u00facuta\u2019.<\/p>\n<p>Hellal es nieta del ex gobernador Guillermo Eliseo Su\u00e1rez y primera dama del municipio (2001-2003) en la alcald\u00eda de Manuel Guillermo Mora. En ese periodo trabaj\u00f3 por la ni\u00f1ez, la juventud, las mujeres y el adulto mayor.<\/p>\n<p>Acevedo expres\u00f3 alegr\u00eda por tener en el grupo a una mujer que ama a C\u00facuta, emprendedora, trabajadora y espiritual, que ayudar\u00e1 con el desarrollo del proyecto pol\u00edtico que lo llevar\u00e1 a la Alcald\u00eda de C\u00facuta.<\/p>\n<p>\u201cMe motiva el carisma de Jorge y sus propuestas para la ciudad me inspiran confianza. Soy cucute\u00f1a de nacimiento y deseo ver un cambio representativo en la ciudad\u201d, \u00a0expres\u00f3 Hellal.<\/p>\n<p>Mariam Hellal Su\u00e1rez estudi\u00f3 en el colegio Santa Teresa, es administradora de empresas de la Universidad Francisco de Paula Santander, especialista en alta gerencia de la Universidad Libre, con diplomado en etiqueta, protocolo y manejo de imagen de la Universidad\u00a0 Externado de Colombia.<\/p>\n<p>Foto: CAMPA\u00d1A POL\u00cdTICA <\/p>\n","protected":false},"excerpt":{"rendered":"<p>C\u00daCUTA.- Jorge Acevedo, precandidato a la Alcald\u00eda de C\u00facuta, design\u00f3 a\u00a0\u00a0 Mariam Hellal Su\u00e1rez como\u00a0 jefa de relaciones p\u00fablicas del grupo significativo de ciudadanos \u2018Todos por C\u00facuta\u2019. Hellal es nieta del ex gobernador Guillermo Eliseo Su\u00e1rez y primera dama del municipio (2001-2003) en la alcald\u00eda de Manuel Guillermo Mora. En ese periodo trabaj\u00f3 por la &hellip;<\/p>\n","protected":false},"author":1,"featured_media":24372,"comment_status":"open","ping_status":"open","sticky":false,"template":"","format":"standard","meta":{"footnotes":""},"categories":[9],"tags":[2224,2192],"class_list":["post-24371","post","type-post","status-publish","format-standard","has-post-thumbnail","hentry","category-politica","tag-candidatos-a-la-alcaldia-de-cucuta","tag-jorge-acevedo"],"_links":{"self":[{"href":"https:\/\/contraluzcucuta.co\/index.php?rest_route=\/wp\/v2\/posts\/24371","targetHints":{"allow":["GET"]}}],"collection":[{"href":"https:\/\/contraluzcucuta.co\/index.php?rest_route=\/wp\/v2\/posts"}],"about":[{"href":"https:\/\/contraluzcucuta.co\/index.php?rest_route=\/wp\/v2\/types\/post"}],"author":[{"embeddable":true,"href":"https:\/\/contraluzcucuta.co\/index.php?rest_route=\/wp\/v2\/users\/1"}],"replies":[{"embeddable":true,"href":"https:\/\/contraluzcucuta.co\/index.php?rest_route=%2Fwp%2Fv2%2Fcomments&post=24371"}],"version-history":[{"count":1,"href":"https:\/\/contraluzcucuta.co\/index.php?rest_route=\/wp\/v2\/posts\/24371\/revisions"}],"predecessor-version":[{"id":24373,"href":"https:\/\/contraluzcucuta.co\/index.php?rest_route=\/wp\/v2\/posts\/24371\/revisions\/24373"}],"wp:featuredmedia":[{"embeddable":true,"href":"https:\/\/contraluzcucuta.co\/index.php?rest_route=\/wp\/v2\/media\/24372"}],"wp:attachment":[{"href":"https:\/\/contraluzcucuta.co\/index.php?rest_route=%2Fwp%2Fv2%2Fmedia&parent=24371"}],"wp:term":[{"taxonomy":"category","embeddable":true,"href":"https:\/\/contraluzcucuta.co\/index.php?rest_route=%2Fwp%2Fv2%2Fcategories&post=24371"},{"taxonomy":"post_tag","embeddable":true,"href":"https:\/\/contraluzcucuta.co\/index.php?rest_route=%2Fwp%2Fv2%2Ftags&post=24371"}],"curies":[{"name":"wp","href":"https:\/\/api.w.org\/{rel}","templated":true}]}}