{"id":24368,"date":"2015-06-22T11:07:30","date_gmt":"2015-06-22T16:07:30","guid":{"rendered":"http:\/\/contraluzcucuta.co\/?p=24368"},"modified":"2015-06-22T11:07:30","modified_gmt":"2015-06-22T16:07:30","slug":"candidato-a-la-gobernacion-inclusion-social-eje-preponderante-del-plan-de-gobierno","status":"publish","type":"post","link":"https:\/\/contraluzcucuta.co\/?p=24368","title":{"rendered":"CANDIDATO A LA GOBERNACI\u00d3N. \u201cInclusi\u00f3n social, eje preponderante del plan de gobierno\u201d."},"content":{"rendered":"<p><strong>C\u00daCUTA.-<\/strong> A continuas reuniones convocadas por importantes l\u00edderes y presidentes de juntas de acci\u00f3n comunal de diferentes barrios de C\u00facuta, asisti\u00f3 el candidato a la Gobernaci\u00f3n de Norte de Santander, Juan Carlos Garc\u00eda-Herreros, quien direccion\u00f3 su discurso hacia la seguridad en los sectores vulnerables.<\/p>\n<p>El aspirante por el Partido Conservador habl\u00f3 sobre los siguientes aspectos:<\/p>\n<p>1.- Acompa\u00f1amiento constante de la fuerza p\u00fablica<\/p>\n<p>2.- Reforzamiento en el sistema de alumbrado p\u00fablico y vigilancia<\/p>\n<p>3.- Campa\u00f1as de alerta<\/p>\n<p>4.- Contenci\u00f3n de la delincuencia.<\/p>\n<p>Resalt\u00f3 la importancia de la inclusi\u00f3n social mediante el fortalecimiento del v\u00ednculo entre l\u00edderes y dirigentes para conocer de cerca los problemas de cada sector, con el fin de focalizar y enriquecer las propuestas del plan de gobierno.<\/p>\n<p>En el recorrido visit\u00f3 los barrios Cuberos Ni\u00f1o, San Luis, Libertad, Camilo Daza, Sevilla y Aeropuerto. All\u00ed, abord\u00f3 lo referente a salud, educaci\u00f3n y empresariado. Se comprometi\u00f3 a consolidar las bases del desarrollo para el departamento.<\/p>\n<p>En el \u00c1rea M0etropolitana patrocin\u00f3 y fue jurado del concurso internacional de bandas, en Villa del Rosario. En la sede de campa\u00f1a presidi\u00f3 el primer encuentro conservador de candidatos al Concejo de C\u00facuta y municipios metropolitanos. \u00a0Juan Carlos Garc\u00eda Herrero hizo un llamado a la unidad y a la fraternidad del Partido.<\/p>\n<p>Foto: CAMPA\u00d1A POL\u00cdTICA <\/p>\n","protected":false},"excerpt":{"rendered":"<p>C\u00daCUTA.- A continuas reuniones convocadas por importantes l\u00edderes y presidentes de juntas de acci\u00f3n comunal de diferentes barrios de C\u00facuta, asisti\u00f3 el candidato a la Gobernaci\u00f3n de Norte de Santander, Juan Carlos Garc\u00eda-Herreros, quien direccion\u00f3 su discurso hacia la seguridad en los sectores vulnerables. El aspirante por el Partido Conservador habl\u00f3 sobre los siguientes aspectos: &hellip;<\/p>\n","protected":false},"author":1,"featured_media":24369,"comment_status":"open","ping_status":"open","sticky":false,"template":"","format":"standard","meta":{"footnotes":""},"categories":[9],"tags":[2312,2313],"class_list":["post-24368","post","type-post","status-publish","format-standard","has-post-thumbnail","hentry","category-politica","tag-candidatos-a-la-gobernacion","tag-juan-carlos-garcia-herreros"],"_links":{"self":[{"href":"https:\/\/contraluzcucuta.co\/index.php?rest_route=\/wp\/v2\/posts\/24368","targetHints":{"allow":["GET"]}}],"collection":[{"href":"https:\/\/contraluzcucuta.co\/index.php?rest_route=\/wp\/v2\/posts"}],"about":[{"href":"https:\/\/contraluzcucuta.co\/index.php?rest_route=\/wp\/v2\/types\/post"}],"author":[{"embeddable":true,"href":"https:\/\/contraluzcucuta.co\/index.php?rest_route=\/wp\/v2\/users\/1"}],"replies":[{"embeddable":true,"href":"https:\/\/contraluzcucuta.co\/index.php?rest_route=%2Fwp%2Fv2%2Fcomments&post=24368"}],"version-history":[{"count":1,"href":"https:\/\/contraluzcucuta.co\/index.php?rest_route=\/wp\/v2\/posts\/24368\/revisions"}],"predecessor-version":[{"id":24370,"href":"https:\/\/contraluzcucuta.co\/index.php?rest_route=\/wp\/v2\/posts\/24368\/revisions\/24370"}],"wp:featuredmedia":[{"embeddable":true,"href":"https:\/\/contraluzcucuta.co\/index.php?rest_route=\/wp\/v2\/media\/24369"}],"wp:attachment":[{"href":"https:\/\/contraluzcucuta.co\/index.php?rest_route=%2Fwp%2Fv2%2Fmedia&parent=24368"}],"wp:term":[{"taxonomy":"category","embeddable":true,"href":"https:\/\/contraluzcucuta.co\/index.php?rest_route=%2Fwp%2Fv2%2Fcategories&post=24368"},{"taxonomy":"post_tag","embeddable":true,"href":"https:\/\/contraluzcucuta.co\/index.php?rest_route=%2Fwp%2Fv2%2Ftags&post=24368"}],"curies":[{"name":"wp","href":"https:\/\/api.w.org\/{rel}","templated":true}]}}