{"id":24353,"date":"2015-06-21T06:42:14","date_gmt":"2015-06-21T11:42:14","guid":{"rendered":"http:\/\/contraluzcucuta.co\/?p=24353"},"modified":"2015-06-21T06:42:14","modified_gmt":"2015-06-21T11:42:14","slug":"dia-del-padre-al-principio-tenia-caracter-familiar-luego-se-comercializo","status":"publish","type":"post","link":"https:\/\/contraluzcucuta.co\/?p=24353","title":{"rendered":"D\u00cdA DEL PADRE. \u00a0Al principio, ten\u00eda car\u00e1cter familiar, luego se comercializ\u00f3"},"content":{"rendered":"<p><strong>MEXICO.-<\/strong> El D\u00eda del Padre se celebra en muchos pa\u00edses y en fechas diversas. La idea de la celebraci\u00f3n surgi\u00f3 en 1910 y fue encabezada por Sonora Smart Dood, una estadounidense que intentaba, de alguna forma, hacer que el papel de los padres en la sociedad fuera destacado, especialmente el de aquellos padres que, como el suyo, cumpl\u00edan el rol de padre y madre, en la educaci\u00f3n de sus hijos.<\/p>\n<p>Su padre era William Jackson Smart, veterano de la guerra civil estadounidense que enviud\u00f3 cuando su mujer daba a luz a su sexto hijo. William se qued\u00f3 solo y sin apoyo por lo que tuvo que asumir la tarea de cuidar y educar a sus hijos en una granja al este del estado de Washington.<\/p>\n<p>Sonora vio en su padre a un hombre valeroso, cari\u00f1oso y desinteresado, que hab\u00eda hecho todo tipo de sacrificios para sacar adelante a su familia. Al principio intent\u00f3 celebrar el 5 junio, fecha del cumplea\u00f1os de su padre, pero no tuvo respuesta.<\/p>\n<p>El primer D\u00eda del Padre en Estados Unidos se celebr\u00f3 el 19 de junio de 1910, en Spokane, Washington. En 1915, se sugiri\u00f3 que cada familia celebrase el D\u00eda del Padre en la fecha en la que m\u00e1s le conviniera. En 1966, el presidente Lyndon B. Johnson proclam\u00f3 el D\u00eda del Padre el tercer domingo de junio, fecha que se oficializ\u00f3 en 1972 con el presidente Richard Nixon.<\/p>\n<p>La celebraci\u00f3n se extendi\u00f3 a Europa, Am\u00e9rica Latina, Asia y \u00c1frica, aunque en diferentes fechas:<\/p>\n<p>1.- En Espa\u00f1a, Portugal, Italia, Honduras, Guinea Ecuatorial, Liechtenstein, Macao, Andorra y Bolivia, se celebra el 19 de marzo, D\u00eda de San Jos\u00e9.<\/p>\n<p>2.- En Rusia se celebra el 23 de febrero, D\u00eda de los Defensores de la Patria.<\/p>\n<p>3.- En Rumania es el segundo domingo de mayo<\/p>\n<p>4.- En Australia y Nueva Zelanda, el primer domingo de septiembre<\/p>\n<p>5.- En M\u00e9xico el D\u00eda del Padre comenz\u00f3 a generalizarse en las escuelas en los a\u00f1os 50 y poco a poco se convirti\u00f3 en una fecha especial para los mexicanos, para demostrarle a pap\u00e1 aprecio y su importancia en el seno familiar.<\/p>\n<p>Al principio, el D\u00eda del padre ten\u00eda car\u00e1cter familiar, pero con el paso de los a\u00f1os la celebraci\u00f3n trascendi\u00f3 a las tiendas donde la gente se daba cita para buscar un regalo. Esto origin\u00f3 que la fecha fuera comercializada para promover y vender productos dirigidos a los padres.<\/p>\n<p><a href=\"http:\/\/noticieros.televisa.com\/mexico\/1506\/domingo-dia-padre-origen-celebracion\/\">http:\/\/noticieros.televisa.com\/mexico\/1506\/domingo-dia-padre-origen-celebracion\/<\/a><\/p>\n<p>Els<\/p>\n<p>Foto: webdelbebe.com<\/p>\n<p>&nbsp; <\/p>\n","protected":false},"excerpt":{"rendered":"<p>MEXICO.- El D\u00eda del Padre se celebra en muchos pa\u00edses y en fechas diversas. La idea de la celebraci\u00f3n surgi\u00f3 en 1910 y fue encabezada por Sonora Smart Dood, una estadounidense que intentaba, de alguna forma, hacer que el papel de los padres en la sociedad fuera destacado, especialmente el de aquellos padres que, como &hellip;<\/p>\n","protected":false},"author":1,"featured_media":24354,"comment_status":"open","ping_status":"open","sticky":false,"template":"","format":"standard","meta":{"footnotes":""},"categories":[7,4],"tags":[2304],"class_list":["post-24353","post","type-post","status-publish","format-standard","has-post-thumbnail","hentry","category-acontecimientos","category-barra","tag-dia-del-padre"],"_links":{"self":[{"href":"https:\/\/contraluzcucuta.co\/index.php?rest_route=\/wp\/v2\/posts\/24353","targetHints":{"allow":["GET"]}}],"collection":[{"href":"https:\/\/contraluzcucuta.co\/index.php?rest_route=\/wp\/v2\/posts"}],"about":[{"href":"https:\/\/contraluzcucuta.co\/index.php?rest_route=\/wp\/v2\/types\/post"}],"author":[{"embeddable":true,"href":"https:\/\/contraluzcucuta.co\/index.php?rest_route=\/wp\/v2\/users\/1"}],"replies":[{"embeddable":true,"href":"https:\/\/contraluzcucuta.co\/index.php?rest_route=%2Fwp%2Fv2%2Fcomments&post=24353"}],"version-history":[{"count":1,"href":"https:\/\/contraluzcucuta.co\/index.php?rest_route=\/wp\/v2\/posts\/24353\/revisions"}],"predecessor-version":[{"id":24355,"href":"https:\/\/contraluzcucuta.co\/index.php?rest_route=\/wp\/v2\/posts\/24353\/revisions\/24355"}],"wp:featuredmedia":[{"embeddable":true,"href":"https:\/\/contraluzcucuta.co\/index.php?rest_route=\/wp\/v2\/media\/24354"}],"wp:attachment":[{"href":"https:\/\/contraluzcucuta.co\/index.php?rest_route=%2Fwp%2Fv2%2Fmedia&parent=24353"}],"wp:term":[{"taxonomy":"category","embeddable":true,"href":"https:\/\/contraluzcucuta.co\/index.php?rest_route=%2Fwp%2Fv2%2Fcategories&post=24353"},{"taxonomy":"post_tag","embeddable":true,"href":"https:\/\/contraluzcucuta.co\/index.php?rest_route=%2Fwp%2Fv2%2Ftags&post=24353"}],"curies":[{"name":"wp","href":"https:\/\/api.w.org\/{rel}","templated":true}]}}