{"id":24344,"date":"2015-06-18T21:32:46","date_gmt":"2015-06-19T02:32:46","guid":{"rendered":"http:\/\/contraluzcucuta.co\/?p=24344"},"modified":"2015-06-21T08:16:04","modified_gmt":"2015-06-21T13:16:04","slug":"atentados-al-oleoducto-danos-irreparables-a-ecosistemas-y-poblacion","status":"publish","type":"post","link":"https:\/\/contraluzcucuta.co\/?p=24344","title":{"rendered":"ATENTADOS AL OLEODUCTO. Da\u00f1os irreparables a ecosistemas y poblaci\u00f3n"},"content":{"rendered":"<p><strong>TIB\u00da &#8211; Norte de Santander.-<\/strong> El Gobierno repudi\u00f3 los atentados dinamiteros al oleoducto Ca\u00f1o Lim\u00f3n \u2013 Cove\u00f1as y que dejan da\u00f1os catastr\u00f3ficos a los ecosistemas y afectan a centenares de pobladores de Teorama y Tib\u00fa. Los responsables de los ataques son integrantes de grupos ilegales.<\/p>\n<p>El ministro de Ambiente y Desarrollo Sostenible, Gabriel Vallejo, visit\u00f3 la zona afectada. Asegur\u00f3\u00a0 que se produjo una \u201ccat\u00e1strofe ambiental para el pa\u00eds y la regi\u00f3n\u201d. Calific\u00f3 como \u201cun sinsentido que la guerrilla dinamite oleoductos y cause da\u00f1os a los recursos naturales y a la poblaci\u00f3n, en diferentes partes del pa\u00eds\u201d.<\/p>\n<p>El Oleoducto, en el paso por Norte de Santander fue dinamitado en \u00a0el corregimiento El Aserr\u00edo (veredas Cristalina &#8211; Punta del Filo) de Teorama, y afect\u00f3 el r\u00edo Catatumbo, y a la altura de Tib\u00fa, que contamin\u00f3 el r\u00edo Tib\u00fa y la bocatoma del acueducto municipal.<\/p>\n<p>El Plan de Contingencia, implementado por Ecopetrol,\u00a0 establece:<\/p>\n<p>1.- Puestos de\u00a0 contenci\u00f3n y absorci\u00f3n del crudo en los r\u00edos Tib\u00fa y Catatumbo, para evitar mayores da\u00f1os<\/p>\n<p>2.- Entrega de agua potable por medio de carrotanques a la poblaci\u00f3n<\/p>\n<p>3.- Planes de atenci\u00f3n en salud<\/p>\n<p>4.- Atenci\u00f3n a los habitantes que derivan el sustento de actividades pesqueras y ganaderas afectadas.<\/p>\n<p>La Corporaci\u00f3n Aut\u00f3noma Regional de la Frontera Nororiental (Corponor) adelanta el balance de da\u00f1os a ecosistemas\u00a0 y traza el plan de recuperaci\u00f3n ambiental a mediano y largo plazos.<\/p>\n<p><strong>\u00a0FOTOS: PRENSA MINAMBIENTE<\/strong><\/p>\n<p>&nbsp;<\/p>\n<p>&nbsp;<\/p>\n<p>&nbsp; <\/p>\n","protected":false},"excerpt":{"rendered":"<p>TIB\u00da &#8211; Norte de Santander.- El Gobierno repudi\u00f3 los atentados dinamiteros al oleoducto Ca\u00f1o Lim\u00f3n \u2013 Cove\u00f1as y que dejan da\u00f1os catastr\u00f3ficos a los ecosistemas y afectan a centenares de pobladores de Teorama y Tib\u00fa. Los responsables de los ataques son integrantes de grupos ilegales. El ministro de Ambiente y Desarrollo Sostenible, Gabriel Vallejo, visit\u00f3 &hellip;<\/p>\n","protected":false},"author":1,"featured_media":24345,"comment_status":"open","ping_status":"open","sticky":false,"template":"","format":"standard","meta":{"footnotes":""},"categories":[11,32],"tags":[2300,493,767,935],"class_list":["post-24344","post","type-post","status-publish","format-standard","has-post-thumbnail","hentry","category-cronica-roja","category-recorrido-por-la-region","tag-atentado-al-oleoducto","tag-corponor","tag-ecopetrol","tag-oleoducto-cano-limon-covenas"],"_links":{"self":[{"href":"https:\/\/contraluzcucuta.co\/index.php?rest_route=\/wp\/v2\/posts\/24344","targetHints":{"allow":["GET"]}}],"collection":[{"href":"https:\/\/contraluzcucuta.co\/index.php?rest_route=\/wp\/v2\/posts"}],"about":[{"href":"https:\/\/contraluzcucuta.co\/index.php?rest_route=\/wp\/v2\/types\/post"}],"author":[{"embeddable":true,"href":"https:\/\/contraluzcucuta.co\/index.php?rest_route=\/wp\/v2\/users\/1"}],"replies":[{"embeddable":true,"href":"https:\/\/contraluzcucuta.co\/index.php?rest_route=%2Fwp%2Fv2%2Fcomments&post=24344"}],"version-history":[{"count":1,"href":"https:\/\/contraluzcucuta.co\/index.php?rest_route=\/wp\/v2\/posts\/24344\/revisions"}],"predecessor-version":[{"id":24346,"href":"https:\/\/contraluzcucuta.co\/index.php?rest_route=\/wp\/v2\/posts\/24344\/revisions\/24346"}],"wp:featuredmedia":[{"embeddable":true,"href":"https:\/\/contraluzcucuta.co\/index.php?rest_route=\/wp\/v2\/media\/24345"}],"wp:attachment":[{"href":"https:\/\/contraluzcucuta.co\/index.php?rest_route=%2Fwp%2Fv2%2Fmedia&parent=24344"}],"wp:term":[{"taxonomy":"category","embeddable":true,"href":"https:\/\/contraluzcucuta.co\/index.php?rest_route=%2Fwp%2Fv2%2Fcategories&post=24344"},{"taxonomy":"post_tag","embeddable":true,"href":"https:\/\/contraluzcucuta.co\/index.php?rest_route=%2Fwp%2Fv2%2Ftags&post=24344"}],"curies":[{"name":"wp","href":"https:\/\/api.w.org\/{rel}","templated":true}]}}