{"id":24315,"date":"2015-06-11T21:47:31","date_gmt":"2015-06-12T02:47:31","guid":{"rendered":"http:\/\/contraluzcucuta.co\/?p=24315"},"modified":"2015-06-11T21:47:31","modified_gmt":"2015-06-12T02:47:31","slug":"paro-de-trasporte-suspendido-el-pico-y-placa-en-cucuta","status":"publish","type":"post","link":"https:\/\/contraluzcucuta.co\/?p=24315","title":{"rendered":"PARO DE TRASPORTE. Suspendido el \u2018pico y placa\u2019 en C\u00facuta"},"content":{"rendered":"<ul>\n<li><strong>C\u00daCUTA.-<\/strong> Representantes legales de las empresas prestadoras del servicio p\u00fablico de trasporte no apoyan el paro programado para este viernes. El cese de actividades es promovido por un grupo minoritario de conductores propietarios de busetas.<\/li>\n<\/ul>\n<p>La administraci\u00f3n municipal determin\u00f3 levantar el \u2018pico y placa\u2019 para veh\u00edculos particulares y taxis con el fin de permitir la movilizaci\u00f3n de los cucute\u00f1os a los puestos de trabajo o lugares de estudio.<\/p>\n<p>La determinaci\u00f3n se tom\u00f3 como medida preventiva luego de la reuni\u00f3n entre las autoridades de Tr\u00e1nsito Municipal y los voceros de las empresas. El grupo organizador de la jornada de protesta quiere manifestar inconformidad, porque se hacen pocos controles al trasporte informal por parte de la Polic\u00eda de Tr\u00e1nsito. Los representantes legales est\u00e1n en desacuerdo con la determinaci\u00f3n. Los veh\u00edculos se inmovilizar\u00e1n sin ocasionar traumas en la circulaci\u00f3n de la ciudad.<\/p>\n<p>El endurecimiento de los controles al trasporte informal produjo, el 9 de junio, el bloqueo de las v\u00edas en los alrededores de la Terminal de Trasportes. Un grupo peque\u00f1o de informales expres\u00f3 inconformidad por los operativos.<\/p>\n<p>La polic\u00eda pondr\u00e1 en pr\u00e1ctica dr\u00e1sticos controles para evitar el vandalismo y la obstrucci\u00f3n a la movilidad de los ciudadanos. La Mecuc y la Alcald\u00eda anunciaron mano dura para quienes no acaten la ley.<\/p>\n<p>Por las calles de C\u00facuta circulan busetas con el letrero \u2018Paro 12 de junio\u2019, pintado en el vidrio trasero, para alertar a la comunidad acerca de la jornada de protesta.<\/p>\n<p><strong>Foto: MARCO S\u00daA<\/strong><\/p>\n<p>&nbsp; <\/p>\n","protected":false},"excerpt":{"rendered":"<p>C\u00daCUTA.- Representantes legales de las empresas prestadoras del servicio p\u00fablico de trasporte no apoyan el paro programado para este viernes. El cese de actividades es promovido por un grupo minoritario de conductores propietarios de busetas. La administraci\u00f3n municipal determin\u00f3 levantar el \u2018pico y placa\u2019 para veh\u00edculos particulares y taxis con el fin de permitir la &hellip;<\/p>\n","protected":false},"author":1,"featured_media":24316,"comment_status":"open","ping_status":"open","sticky":false,"template":"","format":"standard","meta":{"footnotes":""},"categories":[541,4],"tags":[2289,319],"class_list":["post-24315","post","type-post","status-publish","format-standard","has-post-thumbnail","hentry","category-ciudad","category-barra","tag-paro-de-trasporte-en-cucuta","tag-pico-y-placa"],"_links":{"self":[{"href":"https:\/\/contraluzcucuta.co\/index.php?rest_route=\/wp\/v2\/posts\/24315","targetHints":{"allow":["GET"]}}],"collection":[{"href":"https:\/\/contraluzcucuta.co\/index.php?rest_route=\/wp\/v2\/posts"}],"about":[{"href":"https:\/\/contraluzcucuta.co\/index.php?rest_route=\/wp\/v2\/types\/post"}],"author":[{"embeddable":true,"href":"https:\/\/contraluzcucuta.co\/index.php?rest_route=\/wp\/v2\/users\/1"}],"replies":[{"embeddable":true,"href":"https:\/\/contraluzcucuta.co\/index.php?rest_route=%2Fwp%2Fv2%2Fcomments&post=24315"}],"version-history":[{"count":1,"href":"https:\/\/contraluzcucuta.co\/index.php?rest_route=\/wp\/v2\/posts\/24315\/revisions"}],"predecessor-version":[{"id":24317,"href":"https:\/\/contraluzcucuta.co\/index.php?rest_route=\/wp\/v2\/posts\/24315\/revisions\/24317"}],"wp:featuredmedia":[{"embeddable":true,"href":"https:\/\/contraluzcucuta.co\/index.php?rest_route=\/wp\/v2\/media\/24316"}],"wp:attachment":[{"href":"https:\/\/contraluzcucuta.co\/index.php?rest_route=%2Fwp%2Fv2%2Fmedia&parent=24315"}],"wp:term":[{"taxonomy":"category","embeddable":true,"href":"https:\/\/contraluzcucuta.co\/index.php?rest_route=%2Fwp%2Fv2%2Fcategories&post=24315"},{"taxonomy":"post_tag","embeddable":true,"href":"https:\/\/contraluzcucuta.co\/index.php?rest_route=%2Fwp%2Fv2%2Ftags&post=24315"}],"curies":[{"name":"wp","href":"https:\/\/api.w.org\/{rel}","templated":true}]}}