{"id":24312,"date":"2015-06-11T21:25:03","date_gmt":"2015-06-12T02:25:03","guid":{"rendered":"http:\/\/contraluzcucuta.co\/?p=24312"},"modified":"2015-06-15T16:46:43","modified_gmt":"2015-06-15T21:46:43","slug":"copa-america-no-habra-restricciones-para-partido-colombia-venezuela","status":"publish","type":"post","link":"https:\/\/contraluzcucuta.co\/?p=24312","title":{"rendered":"COPA AM\u00c9RICA. No habr\u00e1 restricciones para partido Colombia-Venezuela"},"content":{"rendered":"<p><strong>C\u00daCUTA.-<\/strong> El gobierno municipal no tomar\u00e1 medidas de restricci\u00f3n, el domingo, con ocasi\u00f3n del partido entre los seleccionados de Colombia y Venezuela, en la apertura del Grupo B de la Copa Am\u00e9rica que se disputa en Chile.<\/p>\n<p>En la ciudad se aplicar\u00e1 una prueba piloto, \u00a0se instalar\u00e1n puntos de control por parte de la Polic\u00eda Metropolitana, la Polic\u00eda de Tr\u00e1nsito y la administraci\u00f3n local.<\/p>\n<p>Los encuentros contra la vino tinto tienen visos de cl\u00e1sico por la cercan\u00eda de los dos pa\u00edses en esta zona. Colombianos y venezolanos mantienen una rivalidad deportiva desde siempre. El resultado en los choques de los combinados nacionales despierta inter\u00e9s entre los aficionados a lado y lado del r\u00edo T\u00e1chira.<\/p>\n<p>El comportamiento de la ciudadan\u00eda cucute\u00f1a se pondr\u00e1 a prueba este 14 de junio, dijo Oscar Gerardino, secretario de Gobierno y Convivencia Ciudadana. La medida se tom\u00f3 luego de la reuni\u00f3n extraordinaria de seguridad.<\/p>\n<p>Los hinchas cucute\u00f1os acostumbran a celebrar los triunfos de la Selecci\u00f3n en El Malec\u00f3n, frente al CAI de Niza, en los parques de los barrios y en negocios particulares. Los vendedores de cerveza aprovechan la ocasi\u00f3n para obtener ganancias extras, mientras que los restaurantes ofrecen combos especiales para atraer clientela.<\/p>\n<p>En los recientes compromisos del combinado patrio en el Mundial de Brasil se tomaron medidas especiales debido a \u00a0la falta de compromiso de los hinchas. En otras oportunidades han alterado el orden p\u00fablico y congestionado las v\u00edas con las caravanas.<\/p>\n<p>Durante el partido de debut en el torneo continental se analizar\u00e1 c\u00f3mo asumen los cucute\u00f1os el triunfo o la derrota. \u201cEsperamos sea el mejor, pues el Alcalde no quiere afectar el comercio ni a los comerciantes\u201d, dijo Gerardino. Para el encuentro del 17 (mi\u00e9rcoles), seg\u00fan el comportamiento ciudadano, se tomar\u00e1n controles especiales.<\/p>\n<p>La Secretar\u00eda de Gobierno no ha recibido solicitudes para instalar pantallas gigantes en sitios especiales. Las instaladas podr\u00e1n trasmitir los partidos sin que se tape alguna v\u00eda. \u201cNo permitiremos el taponamiento de v\u00edas principales\u201d, dijo el titular del despacho en franca alusi\u00f3n a El Malec\u00f3n.<\/p>\n<p>La reuni\u00f3n la presidieron \u00a0\u00a0el alcalde Donamaris Ram\u00edrez y el coronel Jaime Alberto Barrera, comandante de la Mecuc.<\/p>\n<p>Foto:\u00a0fcf.com.co<\/p>\n<p>&nbsp;<\/p>\n<p>&nbsp; <\/p>\n","protected":false},"excerpt":{"rendered":"<p>C\u00daCUTA.- El gobierno municipal no tomar\u00e1 medidas de restricci\u00f3n, el domingo, con ocasi\u00f3n del partido entre los seleccionados de Colombia y Venezuela, en la apertura del Grupo B de la Copa Am\u00e9rica que se disputa en Chile. En la ciudad se aplicar\u00e1 una prueba piloto, \u00a0se instalar\u00e1n puntos de control por parte de la Polic\u00eda &hellip;<\/p>\n","protected":false},"author":1,"featured_media":24313,"comment_status":"open","ping_status":"open","sticky":false,"template":"","format":"standard","meta":{"footnotes":""},"categories":[28],"tags":[2287,890,2288],"class_list":["post-24312","post","type-post","status-publish","format-standard","has-post-thumbnail","hentry","category-vistazo-deportivo","tag-copa-america-chile-2015","tag-seleccion-colombia","tag-seleccion-venezuela"],"_links":{"self":[{"href":"https:\/\/contraluzcucuta.co\/index.php?rest_route=\/wp\/v2\/posts\/24312","targetHints":{"allow":["GET"]}}],"collection":[{"href":"https:\/\/contraluzcucuta.co\/index.php?rest_route=\/wp\/v2\/posts"}],"about":[{"href":"https:\/\/contraluzcucuta.co\/index.php?rest_route=\/wp\/v2\/types\/post"}],"author":[{"embeddable":true,"href":"https:\/\/contraluzcucuta.co\/index.php?rest_route=\/wp\/v2\/users\/1"}],"replies":[{"embeddable":true,"href":"https:\/\/contraluzcucuta.co\/index.php?rest_route=%2Fwp%2Fv2%2Fcomments&post=24312"}],"version-history":[{"count":1,"href":"https:\/\/contraluzcucuta.co\/index.php?rest_route=\/wp\/v2\/posts\/24312\/revisions"}],"predecessor-version":[{"id":24314,"href":"https:\/\/contraluzcucuta.co\/index.php?rest_route=\/wp\/v2\/posts\/24312\/revisions\/24314"}],"wp:featuredmedia":[{"embeddable":true,"href":"https:\/\/contraluzcucuta.co\/index.php?rest_route=\/wp\/v2\/media\/24313"}],"wp:attachment":[{"href":"https:\/\/contraluzcucuta.co\/index.php?rest_route=%2Fwp%2Fv2%2Fmedia&parent=24312"}],"wp:term":[{"taxonomy":"category","embeddable":true,"href":"https:\/\/contraluzcucuta.co\/index.php?rest_route=%2Fwp%2Fv2%2Fcategories&post=24312"},{"taxonomy":"post_tag","embeddable":true,"href":"https:\/\/contraluzcucuta.co\/index.php?rest_route=%2Fwp%2Fv2%2Ftags&post=24312"}],"curies":[{"name":"wp","href":"https:\/\/api.w.org\/{rel}","templated":true}]}}