{"id":24306,"date":"2015-06-11T14:20:00","date_gmt":"2015-06-11T19:20:00","guid":{"rendered":"http:\/\/contraluzcucuta.co\/?p=24306"},"modified":"2015-06-15T16:56:50","modified_gmt":"2015-06-15T21:56:50","slug":"pacto-por-la-vida-alianza-estrategica-para-fomentar-la-seguridad-vial","status":"publish","type":"post","link":"https:\/\/contraluzcucuta.co\/?p=24306","title":{"rendered":"PACTO POR LA VIDA. Alianza estrat\u00e9gica para fomentar la seguridad vial"},"content":{"rendered":"<p><strong>C\u00daCUTA.-<\/strong> La comunidad educativa y los padres de familia de un sector cucute\u00f1o firmaron el \u2018Pacto por la vida\u2019, como alianza estrat\u00e9gica para fomentar la seguridad vial y el respeto por las normas de Tr\u00e1nsito. La iniciativa institucional es liderada por la Seccional de Tr\u00e1nsito y Transportes (Setra).<\/p>\n<p>El Pacto est\u00e1 encaminado a incentivar a la comunidad a tener buen comportamiento en las v\u00edas, como peat\u00f3n, conductor, pasajero, ciclista o motociclista. As\u00ed, se contribuye con la reducci\u00f3n de los \u00edndices de accidentes derivados de los actos irresponsables.<\/p>\n<p>La cita se cumpli\u00f3 en el colegio Minuto de Dios Policarpa Salavarrieta, en el barrio La Divina Pastora, de la comuna nueve. Alrededor de 140 estudiantes de los grados d\u00e9cimo y und\u00e9cimo, acompa\u00f1ados por padres y docentes, participaron en el acto simb\u00f3lico.<\/p>\n<p>La actividad fue la graduaci\u00f3n de los estudiantes, que durante varios d\u00edas recibieron capacitaci\u00f3n por parte de personal de la Setra. Los uniformados socializaron el C\u00f3digo Nacional de Tr\u00e1nsito, dieron charlas educativas y presentaron estad\u00edsticas sobre casos reales de accidentes. El objetivo era invitarlos a tomar conciencia sobre la necesidad de adoptar conductas responsables en las v\u00edas.<\/p>\n<p>Los agentes insistieron en la necesidad de reconocer el valor supremo de la vida y la corresponsabilidad que se debe tener para protegerla desde el hogar y los centros educativos, convirti\u00e9ndose en \u2018guardianes de la seguridad vial\u2019.<\/p>\n<p>La campa\u00f1a busca sensibilizar a los sectores de la sociedad, inculcar la integridad personal en el apego a la legalidad y las normas vigentes, sea cual sea el papel desempe\u00f1ado. Como muestra del compromiso adquirido, los asistentes recibieron diplomas que los identifican como garantes del buen comportamiento.<\/p>\n<p>La estrategia de seguridad vial ha llegado a diversos sectores de C\u00facuta. Empresas encargadas del servicio de trasporte escolar y de gr\u00faas se unieron a la campa\u00f1a. M\u00e1s de 500 conductores, directivos, docentes y padres de familia le apuestan al compromiso de fortalecer la legalidad y la seguridad vial.<\/p>\n<p>La Polic\u00eda Metropolitana de C\u00facuta invit\u00f3 a la comunidad a continuar con la iniciativa preventiva y pedag\u00f3gica que busca mejorar las condiciones de movilidad y seguridad vial para los habitantes de la zona de frontera.<\/p>\n<p><strong>Foto: PRENSA MECUC<\/strong><\/p>\n<p>&nbsp; <\/p>\n","protected":false},"excerpt":{"rendered":"<p>C\u00daCUTA.- La comunidad educativa y los padres de familia de un sector cucute\u00f1o firmaron el \u2018Pacto por la vida\u2019, como alianza estrat\u00e9gica para fomentar la seguridad vial y el respeto por las normas de Tr\u00e1nsito. La iniciativa institucional es liderada por la Seccional de Tr\u00e1nsito y Transportes (Setra). El Pacto est\u00e1 encaminado a incentivar a &hellip;<\/p>\n","protected":false},"author":1,"featured_media":24307,"comment_status":"open","ping_status":"open","sticky":false,"template":"","format":"standard","meta":{"footnotes":""},"categories":[541,11,36],"tags":[323,2284,293],"class_list":["post-24306","post","type-post","status-publish","format-standard","has-post-thumbnail","hentry","category-ciudad","category-cronica-roja","category-la-voz-del-pueblo","tag-mecuc","tag-pacto-por-la-vida","tag-policia-metropolitana-de-cucuta"],"_links":{"self":[{"href":"https:\/\/contraluzcucuta.co\/index.php?rest_route=\/wp\/v2\/posts\/24306","targetHints":{"allow":["GET"]}}],"collection":[{"href":"https:\/\/contraluzcucuta.co\/index.php?rest_route=\/wp\/v2\/posts"}],"about":[{"href":"https:\/\/contraluzcucuta.co\/index.php?rest_route=\/wp\/v2\/types\/post"}],"author":[{"embeddable":true,"href":"https:\/\/contraluzcucuta.co\/index.php?rest_route=\/wp\/v2\/users\/1"}],"replies":[{"embeddable":true,"href":"https:\/\/contraluzcucuta.co\/index.php?rest_route=%2Fwp%2Fv2%2Fcomments&post=24306"}],"version-history":[{"count":1,"href":"https:\/\/contraluzcucuta.co\/index.php?rest_route=\/wp\/v2\/posts\/24306\/revisions"}],"predecessor-version":[{"id":24308,"href":"https:\/\/contraluzcucuta.co\/index.php?rest_route=\/wp\/v2\/posts\/24306\/revisions\/24308"}],"wp:featuredmedia":[{"embeddable":true,"href":"https:\/\/contraluzcucuta.co\/index.php?rest_route=\/wp\/v2\/media\/24307"}],"wp:attachment":[{"href":"https:\/\/contraluzcucuta.co\/index.php?rest_route=%2Fwp%2Fv2%2Fmedia&parent=24306"}],"wp:term":[{"taxonomy":"category","embeddable":true,"href":"https:\/\/contraluzcucuta.co\/index.php?rest_route=%2Fwp%2Fv2%2Fcategories&post=24306"},{"taxonomy":"post_tag","embeddable":true,"href":"https:\/\/contraluzcucuta.co\/index.php?rest_route=%2Fwp%2Fv2%2Ftags&post=24306"}],"curies":[{"name":"wp","href":"https:\/\/api.w.org\/{rel}","templated":true}]}}