{"id":24286,"date":"2015-06-10T19:12:04","date_gmt":"2015-06-11T00:12:04","guid":{"rendered":"http:\/\/contraluzcucuta.co\/?p=24286"},"modified":"2015-06-11T14:05:43","modified_gmt":"2015-06-11T19:05:43","slug":"jesus-emilio-ayala-solo-hay-especulaciones-en-torno-a-los-secuestradores","status":"publish","type":"post","link":"https:\/\/contraluzcucuta.co\/?p=24286","title":{"rendered":"JES\u00daS EMILIO AYALA. Solo hay especulaciones en torno a los secuestradores"},"content":{"rendered":"<p><strong>C\u00daCUTA.-<\/strong> Trascurrido el primer mes del secuestro de Jes\u00fas Emilio Ayala los captores enviaron una prueba de supervivencia. En el video el ex alcalde de Salazar tiene aspecto acongojado y triste. Les ped\u00eda a los familiares que dialogaran con los plagiarios para permitir la pronta liberaci\u00f3n. Despu\u00e9s, se perdi\u00f3 el contacto.<\/p>\n<p>Han pasado otros dos meses y en casa no saben nada sobre qui\u00e9nes se lo llevaron. Solo hay especulaciones en torno a los secuestradores. Unos, apuntan a la guerrilla; otros, a la delincuencia com\u00fan. Lo cierto es que van 90 d\u00edas y este hombre sigue separado de la esposa, los hijos, los hermanos y dem\u00e1s allegados.<\/p>\n<p>Edgar Ayala es hermano de Jes\u00fas Emilio. El 9 de junio, lleg\u00f3 con una pancarta al parque C\u00facuta 300 a\u00f1os para participar en la concentraci\u00f3n convocada con motivo de la liberaci\u00f3n de la ni\u00f1a Daniela Mora. \u2018Lo queremos libre\u2019, es el reclamo de quienes a\u00f1oran la presencia de este hombre.<\/p>\n<p>\u201cSer\u00eda m\u00e1s alegr\u00eda si hubieran liberado a mi hermano\u201d, dijo y las primeras l\u00e1grimas comenzaron a escurr\u00edrsele por las mejillas. La impotencia se refleja en la mirada y se hace \u00a0evidente al quebr\u00e1rsele la voz cuando reclama a las autoridades judiciales, por qu\u00e9 no han puesto \u201cel mismo empe\u00f1o, el mismo entusiasmo y la misma dedicaci\u00f3n\u201d para permitir el regreso de Jes\u00fas Emilio al hogar.<\/p>\n<p>Tambi\u00e9n, tuvo palabras para instar a los colombianos y pedirles que no esperen hasta que les toquen las fibras familiares para protestar por el secuestro. El dolor que arrastra hace tres meses hizo que llamara a la solidaridad nacional, para evitar futuros casos como el que afronta.<\/p>\n<p>Jes\u00fas Emilio no es un tipo adinerado, tiene una finca normal con la que gana el sustento de la familia y la que produce los recursos para la educaci\u00f3n de los cuatro hijos. Por eso, en primera instancia, descartan que el secuestro sea por motivos econ\u00f3micos.<\/p>\n<p>Otra hip\u00f3tesis lleva a cuestiones pol\u00edticas. En una ocasi\u00f3n manej\u00f3 los destinos del municipio. Cuando quiso repetir, un fallo de la Procuradur\u00eda se lo impidi\u00f3. O de pronto para entregarlo con ocasi\u00f3n de los di\u00e1logos de paz. \u201cQueremos que se manifiesten y digan qui\u00e9nes lo tienen. As\u00ed quedaremos contentos y paramos este sufrimiento diario\u201d.<\/p>\n<p>Recordar a Jes\u00fas Emilio como es en la casa hace que otras l\u00e1grimas rueden por el rostro de Edgar Ayala. No levanta la mirada para evitar que lo vean llorar. \u00a0La pancarta es movida por el viento y arruga el ce\u00f1o en la foto del exalcalde. Los asistentes a la jornada para decirle \u2018No al secuestro\u2019 ni se inmutan con la presencia de los Ayala en el parque.<\/p>\n<p>\u201cEs buen padre, gran hermano, sin envidia, sin odios\u201d, es la mejor definici\u00f3n que tiene Edgar. \u201cSiempre piensa en el bienestar de los dem\u00e1s por sobre el de \u00e9l. Hace favores al que puede con lo poco que tiene\u201d. Por estas cualidades es que no comprende por qu\u00e9 lo mantienen retenido. Hoy, ese amigo y confidente, al que le confiaba esos momentos especiales no est\u00e1 a su lado. \u201cPor eso para m\u00ed ha sido duro\u201d el secuestro.<\/p>\n<p>Pensar en un desenlace fatal no est\u00e1 descartado por los Ayala. Edgar piensa antes de reconocerlo. Baja la mirada y la tercera tanda de l\u00e1grimas desciende despacio. Las deja escurrir, no las limpia. \u201cEn estas circunstancias todo es posible\u201d. Las palabras salieron con tirabuz\u00f3n. \u201cNadie est\u00e1 exento de eso\u201d. Y \u201ceso\u201d a lo que se refiere es a la muerte.<\/p>\n<p>Lo han pensado, es cierto, pero mantienen la fe en que est\u00e1 con vida. A las probabilidades de vida le dan entre el 70 y el 80 por ciento. El restante corresponde a que le sucedi\u00f3 algo. \u201cPorque es un secuestro, y en los secuestros se corre ese riesgo\u201d. Y las causas del 20 por ciento del pesimismo son por culpa de los captores, por desesperaci\u00f3n de Jes\u00fas Emilio, por una crisis cardiaca o por una enfermedad. Vive enfermo del colon y requiere tratamiento, acababa salir del chicungunya y las articulaciones le dol\u00edan.<\/p>\n<p>\u201cEn concreto los captores no se han manifestado en los \u00faltimos d\u00edas\u201d. La espera contin\u00faa, aunque la incertidumbre se mantiene latiente. Adelante, al lado de la tarima, quieren tener a los Ayala. Edgar y las acompa\u00f1antes desfilan por entre los estudiantes que se divierten con los chorros de agua del parque. Pasan inadvertidos. Los j\u00f3venes no notan que esos adultos van en procesi\u00f3n porque tienen a un familiar secuestrado. Sin embargo, las franelas blancas de los muchachos tienen una frase de protesta \u201cNo al secuestro\u201d.<\/p>\n<p><strong>RAFAEL ANTONIO PAB\u00d3N<\/strong><\/p>\n<p><strong><a href=\"mailto:rafaelpabon58@hotmail.com\">rafaelpabon58@hotmail.com<\/a><\/strong><\/p>\n<p><strong>Foto: <a href=\"http:\/\/www.contraluzcucuta.co\">www.contraluzcucuta.co<\/a><\/strong><\/p>\n<p>&nbsp; <\/p>\n","protected":false},"excerpt":{"rendered":"<p>C\u00daCUTA.- Trascurrido el primer mes del secuestro de Jes\u00fas Emilio Ayala los captores enviaron una prueba de supervivencia. En el video el ex alcalde de Salazar tiene aspecto acongojado y triste. Les ped\u00eda a los familiares que dialogaran con los plagiarios para permitir la pronta liberaci\u00f3n. Despu\u00e9s, se perdi\u00f3 el contacto. Han pasado otros dos &hellip;<\/p>\n","protected":false},"author":1,"featured_media":24287,"comment_status":"open","ping_status":"open","sticky":false,"template":"","format":"standard","meta":{"footnotes":""},"categories":[10,36],"tags":[2276,2275],"class_list":["post-24286","post","type-post","status-publish","format-standard","has-post-thumbnail","hentry","category-cronicas","category-la-voz-del-pueblo","tag-exalcalde-de-salazar","tag-jesus-emilio-ayala"],"_links":{"self":[{"href":"https:\/\/contraluzcucuta.co\/index.php?rest_route=\/wp\/v2\/posts\/24286","targetHints":{"allow":["GET"]}}],"collection":[{"href":"https:\/\/contraluzcucuta.co\/index.php?rest_route=\/wp\/v2\/posts"}],"about":[{"href":"https:\/\/contraluzcucuta.co\/index.php?rest_route=\/wp\/v2\/types\/post"}],"author":[{"embeddable":true,"href":"https:\/\/contraluzcucuta.co\/index.php?rest_route=\/wp\/v2\/users\/1"}],"replies":[{"embeddable":true,"href":"https:\/\/contraluzcucuta.co\/index.php?rest_route=%2Fwp%2Fv2%2Fcomments&post=24286"}],"version-history":[{"count":1,"href":"https:\/\/contraluzcucuta.co\/index.php?rest_route=\/wp\/v2\/posts\/24286\/revisions"}],"predecessor-version":[{"id":24288,"href":"https:\/\/contraluzcucuta.co\/index.php?rest_route=\/wp\/v2\/posts\/24286\/revisions\/24288"}],"wp:featuredmedia":[{"embeddable":true,"href":"https:\/\/contraluzcucuta.co\/index.php?rest_route=\/wp\/v2\/media\/24287"}],"wp:attachment":[{"href":"https:\/\/contraluzcucuta.co\/index.php?rest_route=%2Fwp%2Fv2%2Fmedia&parent=24286"}],"wp:term":[{"taxonomy":"category","embeddable":true,"href":"https:\/\/contraluzcucuta.co\/index.php?rest_route=%2Fwp%2Fv2%2Fcategories&post=24286"},{"taxonomy":"post_tag","embeddable":true,"href":"https:\/\/contraluzcucuta.co\/index.php?rest_route=%2Fwp%2Fv2%2Ftags&post=24286"}],"curies":[{"name":"wp","href":"https:\/\/api.w.org\/{rel}","templated":true}]}}