{"id":24283,"date":"2015-06-09T22:18:41","date_gmt":"2015-06-10T03:18:41","guid":{"rendered":"http:\/\/contraluzcucuta.co\/?p=24283"},"modified":"2015-06-09T22:18:41","modified_gmt":"2015-06-10T03:18:41","slug":"candidato-a-la-alcaldia-comuneros-claret-y-aniversario-acogen-a-luna","status":"publish","type":"post","link":"https:\/\/contraluzcucuta.co\/?p=24283","title":{"rendered":"CANDIDATO A LA ALCALD\u00cdA. Comuneros, Claret y Aniversario acogen a Luna"},"content":{"rendered":"<p><strong>C\u00daCUTA.-<\/strong> \u00a0Durante el fin de semana se reactivaron las actividades con las que Carlos Luna busca llegar a cada rinc\u00f3n de la ciudad para atender a las comunidades y socializar iniciativas que trasformar\u00e1n a C\u00facuta.<\/p>\n<p>L\u00edderes del barrio Comuneros compartieron experiencias y escucharon el compromiso para hacer realidad la reducci\u00f3n del impuesto predial, la recuperaci\u00f3n del espacio p\u00fablico y el programa de titulaci\u00f3n y legalizaci\u00f3n de predios.<\/p>\n<p>Integrantes de organizaciones de mujeres de Claret expusieron las inquietudes en torno a las condiciones de seguridad y la necesidad de aunar esfuerzos para recuperar los parques para el disfrute de las comunidades.<\/p>\n<p>\u201cHemos entendido las verdaderas necesidades de las comunidades de C\u00facuta, por eso asumimos el compromiso de unir presupuestos para aumentar en el impacto en las obras y fortalecer la gesti\u00f3n p\u00fablica\u201d, puntualiz\u00f3 Luna.<\/p>\n<p>En Aniversario, mujeres de la Ciudadela La Libertad estuvieron atentas a los planteamientos para generar iniciativas sostenibles de empleo de la mano de la empresa privada, a trav\u00e9s de garant\u00edas para la inversi\u00f3n y apoyo al emprendimiento.<\/p>\n<p><strong>Foto: CAMPA\u00d1A POL\u00cdTICA<\/strong><\/p>\n<p>&nbsp;<\/p>\n<p>&nbsp; <\/p>\n","protected":false},"excerpt":{"rendered":"<p>C\u00daCUTA.- \u00a0Durante el fin de semana se reactivaron las actividades con las que Carlos Luna busca llegar a cada rinc\u00f3n de la ciudad para atender a las comunidades y socializar iniciativas que trasformar\u00e1n a C\u00facuta. L\u00edderes del barrio Comuneros compartieron experiencias y escucharon el compromiso para hacer realidad la reducci\u00f3n del impuesto predial, la recuperaci\u00f3n &hellip;<\/p>\n","protected":false},"author":1,"featured_media":24284,"comment_status":"open","ping_status":"open","sticky":false,"template":"","format":"standard","meta":{"footnotes":""},"categories":[9],"tags":[108,1592],"class_list":["post-24283","post","type-post","status-publish","format-standard","has-post-thumbnail","hentry","category-politica","tag-candidato-a-la-alcaldia-de-cucuta","tag-carlos-luna"],"_links":{"self":[{"href":"https:\/\/contraluzcucuta.co\/index.php?rest_route=\/wp\/v2\/posts\/24283","targetHints":{"allow":["GET"]}}],"collection":[{"href":"https:\/\/contraluzcucuta.co\/index.php?rest_route=\/wp\/v2\/posts"}],"about":[{"href":"https:\/\/contraluzcucuta.co\/index.php?rest_route=\/wp\/v2\/types\/post"}],"author":[{"embeddable":true,"href":"https:\/\/contraluzcucuta.co\/index.php?rest_route=\/wp\/v2\/users\/1"}],"replies":[{"embeddable":true,"href":"https:\/\/contraluzcucuta.co\/index.php?rest_route=%2Fwp%2Fv2%2Fcomments&post=24283"}],"version-history":[{"count":1,"href":"https:\/\/contraluzcucuta.co\/index.php?rest_route=\/wp\/v2\/posts\/24283\/revisions"}],"predecessor-version":[{"id":24285,"href":"https:\/\/contraluzcucuta.co\/index.php?rest_route=\/wp\/v2\/posts\/24283\/revisions\/24285"}],"wp:featuredmedia":[{"embeddable":true,"href":"https:\/\/contraluzcucuta.co\/index.php?rest_route=\/wp\/v2\/media\/24284"}],"wp:attachment":[{"href":"https:\/\/contraluzcucuta.co\/index.php?rest_route=%2Fwp%2Fv2%2Fmedia&parent=24283"}],"wp:term":[{"taxonomy":"category","embeddable":true,"href":"https:\/\/contraluzcucuta.co\/index.php?rest_route=%2Fwp%2Fv2%2Fcategories&post=24283"},{"taxonomy":"post_tag","embeddable":true,"href":"https:\/\/contraluzcucuta.co\/index.php?rest_route=%2Fwp%2Fv2%2Ftags&post=24283"}],"curies":[{"name":"wp","href":"https:\/\/api.w.org\/{rel}","templated":true}]}}