{"id":24280,"date":"2015-06-09T22:10:19","date_gmt":"2015-06-10T03:10:19","guid":{"rendered":"http:\/\/contraluzcucuta.co\/?p=24280"},"modified":"2015-06-09T22:10:19","modified_gmt":"2015-06-10T03:10:19","slug":"candidato-a-la-alcaldia-francisco-cortes-jefe-de-debate-de-acevedo","status":"publish","type":"post","link":"https:\/\/contraluzcucuta.co\/?p=24280","title":{"rendered":"CANDIDATO A LA ALCALD\u00cdA. Francisco Cort\u00e9s, \u00a0jefe de debate de Acevedo"},"content":{"rendered":"<p><strong>C\u00daCUTA.-<\/strong> Francisco Cortes Ram\u00edrez diputado y precandidato a la Gobernaci\u00f3n de Norte de Santander por el Partido Conservador Colombiano ser\u00e1 el jefe de debate de Jorge Acevedo en la campa\u00f1a por la Alcald\u00eda de C\u00facuta.<\/p>\n<p>Motivado y entusiasmado por la propuesta, el perfil y la buena recepci\u00f3n que tiene Acevedo entre los cucute\u00f1os, llega a colaborar en la campa\u00f1a del grupo significativo de ciudadanos \u2018Todos por C\u00facuta\u2019.<\/p>\n<p>Cortes asegur\u00f3 que los cucute\u00f1os apoyan a Jorge Acevedo y dijo que aportar\u00e1 la experiencia y el conocimiento en la organizaci\u00f3n y las propuestas para construir el plan de gobierno, con el fin de ser los ganadores el 25 de octubre.<\/p>\n<p>\u201cQueremos demostrarles a los ciudadanos que s\u00ed se puede administrar la ciudad con un estilo diferente, con actitud positiva, creyendo en lo nuestro, avanzando para que C\u00facuta tenga mejores oportunidades en empleo, educaci\u00f3n, salud y sobre todo en recuperaci\u00f3n de v\u00edas\u201d expreso.<\/p>\n<p>Cortes es abogado de la Universidad Libre, especialista en derecho p\u00fablico de la Universidad Externado de Colombia con estudios de maestr\u00eda en Relaciones Internacionales de la Universidad Sim\u00f3n Bol\u00edvar de la Comunidad Andina; diputado en los dos \u00faltimos periodos, profesor universitario desde 1996 y catedr\u00e1tico en la Universidad de Santander.<\/p>\n<p><strong>Foto: CAMPA\u00d1A POL\u00cdTICA<\/strong><\/p>\n<p>&nbsp; <\/p>\n","protected":false},"excerpt":{"rendered":"<p>C\u00daCUTA.- Francisco Cortes Ram\u00edrez diputado y precandidato a la Gobernaci\u00f3n de Norte de Santander por el Partido Conservador Colombiano ser\u00e1 el jefe de debate de Jorge Acevedo en la campa\u00f1a por la Alcald\u00eda de C\u00facuta. Motivado y entusiasmado por la propuesta, el perfil y la buena recepci\u00f3n que tiene Acevedo entre los cucute\u00f1os, llega a &hellip;<\/p>\n","protected":false},"author":1,"featured_media":24281,"comment_status":"open","ping_status":"open","sticky":false,"template":"","format":"standard","meta":{"footnotes":""},"categories":[9],"tags":[108,2274,2192],"class_list":["post-24280","post","type-post","status-publish","format-standard","has-post-thumbnail","hentry","category-politica","tag-candidato-a-la-alcaldia-de-cucuta","tag-francisco-cortes","tag-jorge-acevedo"],"_links":{"self":[{"href":"https:\/\/contraluzcucuta.co\/index.php?rest_route=\/wp\/v2\/posts\/24280","targetHints":{"allow":["GET"]}}],"collection":[{"href":"https:\/\/contraluzcucuta.co\/index.php?rest_route=\/wp\/v2\/posts"}],"about":[{"href":"https:\/\/contraluzcucuta.co\/index.php?rest_route=\/wp\/v2\/types\/post"}],"author":[{"embeddable":true,"href":"https:\/\/contraluzcucuta.co\/index.php?rest_route=\/wp\/v2\/users\/1"}],"replies":[{"embeddable":true,"href":"https:\/\/contraluzcucuta.co\/index.php?rest_route=%2Fwp%2Fv2%2Fcomments&post=24280"}],"version-history":[{"count":1,"href":"https:\/\/contraluzcucuta.co\/index.php?rest_route=\/wp\/v2\/posts\/24280\/revisions"}],"predecessor-version":[{"id":24282,"href":"https:\/\/contraluzcucuta.co\/index.php?rest_route=\/wp\/v2\/posts\/24280\/revisions\/24282"}],"wp:featuredmedia":[{"embeddable":true,"href":"https:\/\/contraluzcucuta.co\/index.php?rest_route=\/wp\/v2\/media\/24281"}],"wp:attachment":[{"href":"https:\/\/contraluzcucuta.co\/index.php?rest_route=%2Fwp%2Fv2%2Fmedia&parent=24280"}],"wp:term":[{"taxonomy":"category","embeddable":true,"href":"https:\/\/contraluzcucuta.co\/index.php?rest_route=%2Fwp%2Fv2%2Fcategories&post=24280"},{"taxonomy":"post_tag","embeddable":true,"href":"https:\/\/contraluzcucuta.co\/index.php?rest_route=%2Fwp%2Fv2%2Ftags&post=24280"}],"curies":[{"name":"wp","href":"https:\/\/api.w.org\/{rel}","templated":true}]}}