{"id":24277,"date":"2015-06-09T21:57:52","date_gmt":"2015-06-10T02:57:52","guid":{"rendered":"http:\/\/contraluzcucuta.co\/?p=24277"},"modified":"2015-06-09T21:57:52","modified_gmt":"2015-06-10T02:57:52","slug":"candidato-a-la-alcaldia-sergio-entrena-ciudadanos-en-la-ciclovia","status":"publish","type":"post","link":"https:\/\/contraluzcucuta.co\/?p=24277","title":{"rendered":"CANDIDATO A LA ALCALD\u00cdA. Sergio, entrena ciudadanos en la ciclov\u00eda"},"content":{"rendered":"<p><strong>C\u00daCUTA.<\/strong>&#8211; El candidato a la alcald\u00eda por el Centro Democr\u00e1tico, Sergio Entrena L\u00f3pez, hizo una extensa aproximaci\u00f3n con los participantes en la ciclov\u00eda, en el fin de semana.<\/p>\n<p>El aspirante, que ha hecho del empleo formal la principal propuesta de campa\u00f1a, conoci\u00f3 las condiciones laborales de los vendedores informales de El Malec\u00f3n, convers\u00f3 ampliamente con la ciudadan\u00eda, expuso las propuestas de campa\u00f1a sobre asuntos de ciudad y recibi\u00f3 expresiones de respaldo e inquietudes.<\/p>\n<p>Sergio Entrena visit\u00f3 el barrio Toledo Plata y recibi\u00f3 la adhesi\u00f3n de dirigentes c\u00edvicos y populares. Convers\u00f3 con los habitantes sobre la generaci\u00f3n de proyectos productivos para madres cabeza de familia y el Plan de Becas Municipales como programa esencial de primer empleo.<\/p>\n<p>Los estudiantes del Sisben 1 y 2 que logren mantener el promedio acad\u00e9mico superior a 3,8 obtendr\u00e1n la gratuidad de la educaci\u00f3n en las universidades Francisco de Paula Santander y de Pamplona.<\/p>\n<p><strong>Foto: CAMPA\u00d1A POLITICA<\/strong><\/p>\n<p>&nbsp; <\/p>\n","protected":false},"excerpt":{"rendered":"<p>C\u00daCUTA.&#8211; El candidato a la alcald\u00eda por el Centro Democr\u00e1tico, Sergio Entrena L\u00f3pez, hizo una extensa aproximaci\u00f3n con los participantes en la ciclov\u00eda, en el fin de semana. El aspirante, que ha hecho del empleo formal la principal propuesta de campa\u00f1a, conoci\u00f3 las condiciones laborales de los vendedores informales de El Malec\u00f3n, convers\u00f3 ampliamente con &hellip;<\/p>\n","protected":false},"author":1,"featured_media":24278,"comment_status":"open","ping_status":"open","sticky":false,"template":"","format":"standard","meta":{"footnotes":""},"categories":[9],"tags":[2273,2230],"class_list":["post-24277","post","type-post","status-publish","format-standard","has-post-thumbnail","hentry","category-politica","tag-candidato-a-al-alcaldia-de-cucuta","tag-sergio-entrena"],"_links":{"self":[{"href":"https:\/\/contraluzcucuta.co\/index.php?rest_route=\/wp\/v2\/posts\/24277","targetHints":{"allow":["GET"]}}],"collection":[{"href":"https:\/\/contraluzcucuta.co\/index.php?rest_route=\/wp\/v2\/posts"}],"about":[{"href":"https:\/\/contraluzcucuta.co\/index.php?rest_route=\/wp\/v2\/types\/post"}],"author":[{"embeddable":true,"href":"https:\/\/contraluzcucuta.co\/index.php?rest_route=\/wp\/v2\/users\/1"}],"replies":[{"embeddable":true,"href":"https:\/\/contraluzcucuta.co\/index.php?rest_route=%2Fwp%2Fv2%2Fcomments&post=24277"}],"version-history":[{"count":1,"href":"https:\/\/contraluzcucuta.co\/index.php?rest_route=\/wp\/v2\/posts\/24277\/revisions"}],"predecessor-version":[{"id":24279,"href":"https:\/\/contraluzcucuta.co\/index.php?rest_route=\/wp\/v2\/posts\/24277\/revisions\/24279"}],"wp:featuredmedia":[{"embeddable":true,"href":"https:\/\/contraluzcucuta.co\/index.php?rest_route=\/wp\/v2\/media\/24278"}],"wp:attachment":[{"href":"https:\/\/contraluzcucuta.co\/index.php?rest_route=%2Fwp%2Fv2%2Fmedia&parent=24277"}],"wp:term":[{"taxonomy":"category","embeddable":true,"href":"https:\/\/contraluzcucuta.co\/index.php?rest_route=%2Fwp%2Fv2%2Fcategories&post=24277"},{"taxonomy":"post_tag","embeddable":true,"href":"https:\/\/contraluzcucuta.co\/index.php?rest_route=%2Fwp%2Fv2%2Ftags&post=24277"}],"curies":[{"name":"wp","href":"https:\/\/api.w.org\/{rel}","templated":true}]}}