{"id":24275,"date":"2015-06-09T06:13:38","date_gmt":"2015-06-09T11:13:38","guid":{"rendered":"http:\/\/contraluzcucuta.co\/?p=24275"},"modified":"2015-06-10T22:27:18","modified_gmt":"2015-06-11T03:27:18","slug":"atentados-guerrilleros-ecopetrol-continua-operaciones-en-normalidad","status":"publish","type":"post","link":"https:\/\/contraluzcucuta.co\/?p=24275","title":{"rendered":"ATENTADOS GUERRILLEROS. Ecopetrol contin\u00faa operaciones en normalidad"},"content":{"rendered":"<p><strong>TIB\u00da \u2013 Norte de Santander.-<\/strong> En 34 horas y media, tiempo r\u00e9cord, trabajadores de Ecopetrol repararon los da\u00f1os causados al pozo TB-293, atacado por desconocidos. El Ej\u00e9rcito custodia la infraestructura f\u00edsica, que opera con normalidad. El atentado ocurri\u00f3 en la tarde del 8 de junio, en Tib\u00fa.<\/p>\n<p>En esta ocasi\u00f3n, result\u00f3 afectado el equipo de varilleo que acababa de reacondicionar el pozo TB-293, ubicado al norte del campo, y que se movilizaba a las instalaciones industriales de Ecopetrol en la regi\u00f3n. Los obreros que trasladaban el equipo no resultaron afectados.<\/p>\n<p>La cuadrilla de trabajadores que desplazaba el equipo inform\u00f3 que luego de la salida de la locaci\u00f3n del pozo TB-293, a \u00a0800 metros del mismo, fueron interceptados por tres sujetos, que los obligaron a abandonar el equipo y una camioneta que acompa\u00f1aba el desplazamiento. Posteriormente se escuch\u00f3 la explosi\u00f3n.<\/p>\n<p>Ecopetrol deplor\u00f3 y rechaz\u00f3 este nuevo atentado a las instalaciones petroleras.<\/p>\n<p>Estos hechos violentos causan los siguientes da\u00f1os:<\/p>\n<p>1.- Ponen en riesgo la integridad de los trabajadores y de los habitantes de la regi\u00f3n<\/p>\n<p>2.- Afectan el medio ambiente<\/p>\n<p>3.- Perjudican el bienestar de las comunidades<\/p>\n<p>4.- Atentan contra el normal desarrollo de las actividades.<\/p>\n<p>Pese a los hechos ocurridos, Ecopetrol inform\u00f3 que fortalecer\u00e1 las operaciones en el campo de producci\u00f3n de Tib\u00fa, en la b\u00fasqueda de m\u00e1s oportunidades de bienestar para las comunidades que habitan la regi\u00f3n de El Catatumbo, de la mano con las autoridades civiles y militares de la regi\u00f3n.<\/p>\n<p>El 7 de junio, \u00a0guerrilleros del 33 frente de las Farc atentaron contra el pozo Tib\u00fa-30 de Ecopetrol. La empresa petrolera inform\u00f3 que el campo de producci\u00f3n de crudo ubicado en Tib\u00fa fue atacado con explosivos.<\/p>\n<p>Ecopetrol activ\u00f3 el plan de contingencia con apoyo de la fuerza p\u00fablica para asegurar el \u00e1rea y determinar las afectaciones. El pozo produce 50 barriles de petr\u00f3leo al d\u00eda, de los 3200 que se extraen a diario en ese municipio de Norte de Santander.<\/p>\n<p>La guardia m\u00f3vil, encargada de custodiar las instalaciones petroleras del campo, en el momento que recorr\u00eda la zona fue abordada por los subversivos. Los guerrilleros obligaron a los agentes de seguridad\u00a0 a retirarse del sector, porque denotar\u00edan dos cargas explosivas. El veh\u00edculo en el que se movilizaban fue incendiado.<\/p>\n<p>En agosto del 2014, los campos Tib\u00fa-50, que produce 1800 barriles diarios, y la estaci\u00f3n M-24 sufrieron atentados similares. En esa ocasi\u00f3n la petrolra suspendi\u00f3 las operaciones.<\/p>\n<p>Los ataques ponen en riesgo la vida de los trabajadores y de las comunidades vecinas. El Catatumbo es una zona de fuerte presencia guerrillera. En el \u00e1rea act\u00faa principalmente el Eln, que en las \u00faltimas d\u00e9cadas ha perpetrado numerosos ataques contra la infraestructura petrolera, y algunos frentes de las Farc.<\/p>\n<p>&#8220;\u00a1No dinamiten las v\u00edas de los campesinos! \u00a1No m\u00e1s pueblos sin luz o sin agua! \u00a1No m\u00e1s petr\u00f3leo contaminando nuestros r\u00edos!&#8221;, pidi\u00f3 en el 2014 el presidente Juan Manuel Santos.<\/p>\n<p><strong>Foto: PRENSA ECOPETROL<\/strong><\/p>\n<p>&nbsp; <\/p>\n","protected":false},"excerpt":{"rendered":"<p>TIB\u00da \u2013 Norte de Santander.- En 34 horas y media, tiempo r\u00e9cord, trabajadores de Ecopetrol repararon los da\u00f1os causados al pozo TB-293, atacado por desconocidos. El Ej\u00e9rcito custodia la infraestructura f\u00edsica, que opera con normalidad. El atentado ocurri\u00f3 en la tarde del 8 de junio, en Tib\u00fa. En esta ocasi\u00f3n, result\u00f3 afectado el equipo de &hellip;<\/p>\n","protected":false},"author":1,"featured_media":24265,"comment_status":"open","ping_status":"open","sticky":false,"template":"","format":"standard","meta":{"footnotes":""},"categories":[11,36],"tags":[2271,2272,279],"class_list":["post-24275","post","type-post","status-publish","format-standard","has-post-thumbnail","hentry","category-cronica-roja","category-la-voz-del-pueblo","tag-atentados-guerrilleros","tag-ecopetril","tag-tibu"],"_links":{"self":[{"href":"https:\/\/contraluzcucuta.co\/index.php?rest_route=\/wp\/v2\/posts\/24275","targetHints":{"allow":["GET"]}}],"collection":[{"href":"https:\/\/contraluzcucuta.co\/index.php?rest_route=\/wp\/v2\/posts"}],"about":[{"href":"https:\/\/contraluzcucuta.co\/index.php?rest_route=\/wp\/v2\/types\/post"}],"author":[{"embeddable":true,"href":"https:\/\/contraluzcucuta.co\/index.php?rest_route=\/wp\/v2\/users\/1"}],"replies":[{"embeddable":true,"href":"https:\/\/contraluzcucuta.co\/index.php?rest_route=%2Fwp%2Fv2%2Fcomments&post=24275"}],"version-history":[{"count":1,"href":"https:\/\/contraluzcucuta.co\/index.php?rest_route=\/wp\/v2\/posts\/24275\/revisions"}],"predecessor-version":[{"id":24276,"href":"https:\/\/contraluzcucuta.co\/index.php?rest_route=\/wp\/v2\/posts\/24275\/revisions\/24276"}],"wp:featuredmedia":[{"embeddable":true,"href":"https:\/\/contraluzcucuta.co\/index.php?rest_route=\/wp\/v2\/media\/24265"}],"wp:attachment":[{"href":"https:\/\/contraluzcucuta.co\/index.php?rest_route=%2Fwp%2Fv2%2Fmedia&parent=24275"}],"wp:term":[{"taxonomy":"category","embeddable":true,"href":"https:\/\/contraluzcucuta.co\/index.php?rest_route=%2Fwp%2Fv2%2Fcategories&post=24275"},{"taxonomy":"post_tag","embeddable":true,"href":"https:\/\/contraluzcucuta.co\/index.php?rest_route=%2Fwp%2Fv2%2Ftags&post=24275"}],"curies":[{"name":"wp","href":"https:\/\/api.w.org\/{rel}","templated":true}]}}