{"id":24270,"date":"2015-06-08T20:05:45","date_gmt":"2015-06-09T01:05:45","guid":{"rendered":"http:\/\/contraluzcucuta.co\/?p=24270"},"modified":"2015-06-10T22:17:59","modified_gmt":"2015-06-11T03:17:59","slug":"politica-en-el-zulia-suspendidos-ocho-concejales-por-violar-reglamento-interno","status":"publish","type":"post","link":"https:\/\/contraluzcucuta.co\/?p=24270","title":{"rendered":"POL\u00cdTICA EN EL ZULIA. Suspendidos ocho concejales por violar reglamento interno"},"content":{"rendered":"<p><strong>EL ZULIA \u2013 Norte de Santander.-<\/strong> Ocho concejales de El Zulia y el secretario general de la corporaci\u00f3n fueron suspendidos por la Procuradur\u00eda Provincial de C\u00facuta, mediante fallo proferido el 4 de junio. Los hechos investigados ocurrieron en febrero de 2013 y est\u00e1n relacionados con irregularidades por vulnerar derechos de participaci\u00f3n de los restantes miembros del Concejo.<\/p>\n<p>El fallo en primera instancia cobija a los concejales Gonzalo Cuevas Oma\u00f1a (presidente), Jos\u00e9 Omar Mora, Armando Contreras, Eduardo Duarte, Marco Alirio Ar\u00e9valo, Eduardo Torres, Diana Vidue\u00f1ez, Elkin Caballero y Antonio Luis G\u00f3mez (secretario).<\/p>\n<p>Los concejales Yuretsy Bol\u00edvar, Edgar Pic\u00f3n, Henry S\u00e1nchez, Samuel Jaimes y \u00a0Elkin Gamboa se quejaron ante el personero Jos\u00e9 Ram\u00f3n Escalante por considerar que les vulneraron los derechos. El 4 de febrero, en plenaria, convocaron la nueva sesi\u00f3n para el d\u00eda siguiente a las 5:00 de la ma\u00f1ana, y no los convocaron, para conformar las comisiones permanentes.<\/p>\n<p>El 22 de julio de 2014, los implicados escucharon el pliego de cargos. \u201cSe le reprocha como hecho presuntamente irregular haber asumido un comportamiento que va en contrav\u00eda al ejercicio de sus funciones p\u00fablicas\u201d. \u00a0Inobservaron los deberes que tienen como funcionarios de cumplir la Constituci\u00f3n, la Ley y el reglamento interno.<\/p>\n<p>El reglamento, en el art\u00edculo 62 referente a las citaciones expresa que \u201cla citaci\u00f3n a las plenarias y a las comisiones deber\u00e1 hacerse a los concejales por los presidentes, cuando al finalizar una sesi\u00f3n informe el d\u00eda y la hora de siguientes reuni\u00f3n\u201d. Tambi\u00e9n, puede hacerla el secretario \u201cde manera expresa y oportuna, dejando constancia de la misma, por lo menos con 24 horas de anticipaci\u00f3n\u201d.<\/p>\n<p>En el aparte de las \u2018Normas infringidas\u2019 el procurador provincial Alfonso Luis Su\u00e1rez estim\u00f3 que el presidente, los concejales y el secretario \u201cquebrantaron el deber funcional y su actuar fue contrario al buen ejemplo que deben tener los servidores p\u00fablicos\u201d.<\/p>\n<p>Al presidente Gonzalo Cuevas sele tipific\u00f3 la conducta como \u201cculpa grav\u00edsima\u201d, porque con su actuar \u201cquebrant\u00f3 reglas de obligatorio cumplimiento\u201d. Al secretario Antonio G\u00f3mez la conducta se le calific\u00f3 como \u201cculpa grave\u201d, porque no puso \u201cninguna objeci\u00f3n\u201d a la citaci\u00f3n a nueva plenaria sin el cumplimiento de los requisitos.<\/p>\n<p>Los concejales tambi\u00e9n recibieron el t\u00edtulo de \u201cculpa grave\u201d, porque votaron y aprobaron el orden del d\u00eda \u201ca sabiendas que la corporaci\u00f3n no estaba sujeta al reglamento que los rige\u201d.<\/p>\n<p>Al declarar probados y no desvirtuados los cargos formulados contra el secretario y los concejales, el procurador Su\u00e1rez Espinosa resolvi\u00f3 lo siguiente:<\/p>\n<p>1.- Suspender por siete meses a Antonio Luis G\u00f3mez en el ejercicio de sus funciones. En caso de estar desvinculado del cargo, la suspensi\u00f3n se convertir\u00e1 en salarios de acuerdo con el monto de lo devengado para el momento de la comisi\u00f3n de la falta.<\/p>\n<p>2.- Imponer a Gonzalo Cuevas, presidente del Concejo, la suspensi\u00f3n de 11 meses en el ejercicio de sus funciones.<\/p>\n<p>3.- Imponer a los concejales \u00a0Jos\u00e9 Omar Mora, Armando Contreras, Eduardo Duarte, Marco Alirio Ar\u00e9valo, Eduardo Torres, Diana Vidue\u00f1ez y Elkin Caballero la suspensi\u00f3n de nueve meses en el ejercicio de sus funciones.<\/p>\n<p>4.- Contra este fallo procede le recurso de apelaci\u00f3n ante la Procuradur\u00eda Regional de Norte de Santander.<\/p>\n<p>Foto:\u00a0http:\/\/es.wikipedia.org\/wiki\/El_Zulia<\/p>\n<p>&nbsp;<\/p>\n<p>&nbsp; <\/p>\n","protected":false},"excerpt":{"rendered":"<p>EL ZULIA \u2013 Norte de Santander.- Ocho concejales de El Zulia y el secretario general de la corporaci\u00f3n fueron suspendidos por la Procuradur\u00eda Provincial de C\u00facuta, mediante fallo proferido el 4 de junio. Los hechos investigados ocurrieron en febrero de 2013 y est\u00e1n relacionados con irregularidades por vulnerar derechos de participaci\u00f3n de los restantes miembros &hellip;<\/p>\n","protected":false},"author":1,"featured_media":24271,"comment_status":"open","ping_status":"open","sticky":false,"template":"","format":"standard","meta":{"footnotes":""},"categories":[11,556,9,32],"tags":[843,1237],"class_list":["post-24270","post","type-post","status-publish","format-standard","has-post-thumbnail","hentry","category-cronica-roja","category-departamento","category-politica","category-recorrido-por-la-region","tag-concejo-de-el-zulia","tag-el-zulia"],"_links":{"self":[{"href":"https:\/\/contraluzcucuta.co\/index.php?rest_route=\/wp\/v2\/posts\/24270","targetHints":{"allow":["GET"]}}],"collection":[{"href":"https:\/\/contraluzcucuta.co\/index.php?rest_route=\/wp\/v2\/posts"}],"about":[{"href":"https:\/\/contraluzcucuta.co\/index.php?rest_route=\/wp\/v2\/types\/post"}],"author":[{"embeddable":true,"href":"https:\/\/contraluzcucuta.co\/index.php?rest_route=\/wp\/v2\/users\/1"}],"replies":[{"embeddable":true,"href":"https:\/\/contraluzcucuta.co\/index.php?rest_route=%2Fwp%2Fv2%2Fcomments&post=24270"}],"version-history":[{"count":1,"href":"https:\/\/contraluzcucuta.co\/index.php?rest_route=\/wp\/v2\/posts\/24270\/revisions"}],"predecessor-version":[{"id":24272,"href":"https:\/\/contraluzcucuta.co\/index.php?rest_route=\/wp\/v2\/posts\/24270\/revisions\/24272"}],"wp:featuredmedia":[{"embeddable":true,"href":"https:\/\/contraluzcucuta.co\/index.php?rest_route=\/wp\/v2\/media\/24271"}],"wp:attachment":[{"href":"https:\/\/contraluzcucuta.co\/index.php?rest_route=%2Fwp%2Fv2%2Fmedia&parent=24270"}],"wp:term":[{"taxonomy":"category","embeddable":true,"href":"https:\/\/contraluzcucuta.co\/index.php?rest_route=%2Fwp%2Fv2%2Fcategories&post=24270"},{"taxonomy":"post_tag","embeddable":true,"href":"https:\/\/contraluzcucuta.co\/index.php?rest_route=%2Fwp%2Fv2%2Ftags&post=24270"}],"curies":[{"name":"wp","href":"https:\/\/api.w.org\/{rel}","templated":true}]}}