{"id":24267,"date":"2015-06-08T18:22:25","date_gmt":"2015-06-08T23:22:25","guid":{"rendered":"http:\/\/contraluzcucuta.co\/?p=24267"},"modified":"2015-06-10T21:43:06","modified_gmt":"2015-06-11T02:43:06","slug":"nuevo-centro-comercial-inversionistas-portugueses-miran-hacia-cucuta","status":"publish","type":"post","link":"https:\/\/contraluzcucuta.co\/?p=24267","title":{"rendered":"NUEVO CENTRO COMERCIAL. Inversionistas portugueses miran hacia C\u00facuta"},"content":{"rendered":"<p><strong>C\u00daCUTA.-<\/strong> Inversionistas portugueses y cale\u00f1os anunciaron la construcci\u00f3n del Centro Comercial Ciudad Jard\u00edn, en C\u00facuta. La obra podr\u00eda comenzar a finales de a\u00f1o y aprovechar\u00edan la normatividad municipal que otorga hasta hasta 10 a\u00f1os de exenci\u00f3n en impuestos predial y 5 a\u00f1os por industria y comercio.<\/p>\n<p>Los incentivos tributarios son atractivos para firmas extranjeras y nacionales. Cale\u00f1os y portugueses podr\u00e1n levantar el centro comercial en un \u00e1rea de 120.000 metros cuadrados. Las medidas \u00a0motivan la presencia de inversionistas en la ciudad.<\/p>\n<p>Se espera que en las pr\u00f3ximas semanas el constructor Pedro G\u00f3mez anuncie una buena noticia para la capital de Norte de Santander.\u00a0 Ospinas y C\u00eda., estimulada por los incentivos, dio el primer paso para la construcci\u00f3n del Centro Comercial Tennis Park. La obra representa la inversi\u00f3n de $ 300.000 millones.<\/p>\n<p>Esta obra no ha podido iniciarse, como se ten\u00eda previsto, debido a una decisi\u00f3n judicial para proteger el medio ambiente. La ciudad contar\u00eda con un parque de seis hect\u00e1reas y con solo dos hect\u00e1reas de edificaci\u00f3n. Se aspira a que pronto salga la autorizaci\u00f3n.<\/p>\n<p>A las inversiones de Ospinas y de los portugueses y cale\u00f1os, se suma el proyecto de Amarilo. Planeaci\u00f3n Municipal aprob\u00f3 el plan parcial y est\u00e1 por salir de Corponor lo relativo al manejo ambiental. Se construir\u00e1n 6000 apartamentos en determinada cantidad de a\u00f1os m\u00e1s otro centro comercial.<\/p>\n<p>\u201cLa gente de Colombia y el mundo, sigue creyendo en C\u00facuta\u201d dijo el alcalde Donamaris Ram\u00edrez. Anunci\u00f3 la presencia de la multinacional portuguesa Sotkon, fabricante de contenedores soterrados para instalarse en sitios estrat\u00e9gicos de la ciudad.<\/p>\n<p>El trabajo arranc\u00f3 hace dos a\u00f1os y en la labor est\u00e1 involucrado Aseo Urbano, que ha trabajado en unos puntos de pr\u00e1ctica. El proyecto tendr\u00e1 la inversi\u00f3n inicial de $ 200 millones por parte del municipio.<\/p>\n<p>Los contenedores soterrados o subterr\u00e1neos sirven para recoger basuras y permitir\u00e1n despejar la ciudad de bolsas con desperdicios y cajas que al ser visibles generan sensaci\u00f3n de desaseo. Los cucute\u00f1os podr\u00e1n depositar all\u00ed la basura.<\/p>\n<p>Luis Lajeira, ejecutivo de Sotkon, anunci\u00f3 que en un par de meses, m\u00e1ximo a final de a\u00f1o, se podr\u00e1n fabricar componentes de los soterrados con proveedores locales, para bajar los costos de importaci\u00f3n.<\/p>\n<p>En el acuerdo con Sotkon qued\u00f3 establecido que el proveedor local har\u00e1 las cajas de cemento, en las que se introducir\u00e1n los recipientes de fibra que ser\u00e1n tra\u00eddos desde Portugal.<\/p>\n<p>Esta ser\u00e1 una fuente generadora de empleo, \u00a0pues en la medida en que la ciudad crezca y la empresa proyect\u00e1ndose, las cajas ser\u00e1n fabricadas en C\u00facuta. La capital de Norte de Santander ha sido escogida como modelo en Colombia en tecnolog\u00edas limpias y medioambientales por Sotkon.<\/p>\n<p>El Alcalde presentar\u00e1 un proyecto de Acuerdo al Concejo, por el cual se impone a todo constructor en la ciudad, que adelante planes de vivienda, edificaciones de oficinas, centros comerciales y construcciones nuevas, tener soterrados, para evitar los malos olores, la contaminaci\u00f3n y los roedores, y tener una ciudad organizada y \u00a0moderna.<\/p>\n<p>El proceso de instalaci\u00f3n indica que el producto es fabricado en Europa, pero la filosof\u00eda es integrar poco a poco componentes locales para empezar a fabricar las cajas de concreto.<\/p>\n<p><strong>Foto: ARCHIVO <a href=\"http:\/\/www.contraluzcucuta.co\">www.contraluzcucuta.co<\/a><\/strong><\/p>\n<p>&nbsp;<\/p>\n<p>&nbsp; <\/p>\n","protected":false},"excerpt":{"rendered":"<p>C\u00daCUTA.- Inversionistas portugueses y cale\u00f1os anunciaron la construcci\u00f3n del Centro Comercial Ciudad Jard\u00edn, en C\u00facuta. La obra podr\u00eda comenzar a finales de a\u00f1o y aprovechar\u00edan la normatividad municipal que otorga hasta hasta 10 a\u00f1os de exenci\u00f3n en impuestos predial y 5 a\u00f1os por industria y comercio. Los incentivos tributarios son atractivos para firmas extranjeras y &hellip;<\/p>\n","protected":false},"author":1,"featured_media":24268,"comment_status":"open","ping_status":"open","sticky":false,"template":"","format":"standard","meta":{"footnotes":""},"categories":[541,6],"tags":[2270,2100,992],"class_list":["post-24267","post","type-post","status-publish","format-standard","has-post-thumbnail","hentry","category-ciudad","category-ojo-avizor","tag-centro-comercial-ciudad-jardin","tag-centro-comercial-tennis-park-plaza","tag-tennis-park-plaza"],"_links":{"self":[{"href":"https:\/\/contraluzcucuta.co\/index.php?rest_route=\/wp\/v2\/posts\/24267","targetHints":{"allow":["GET"]}}],"collection":[{"href":"https:\/\/contraluzcucuta.co\/index.php?rest_route=\/wp\/v2\/posts"}],"about":[{"href":"https:\/\/contraluzcucuta.co\/index.php?rest_route=\/wp\/v2\/types\/post"}],"author":[{"embeddable":true,"href":"https:\/\/contraluzcucuta.co\/index.php?rest_route=\/wp\/v2\/users\/1"}],"replies":[{"embeddable":true,"href":"https:\/\/contraluzcucuta.co\/index.php?rest_route=%2Fwp%2Fv2%2Fcomments&post=24267"}],"version-history":[{"count":1,"href":"https:\/\/contraluzcucuta.co\/index.php?rest_route=\/wp\/v2\/posts\/24267\/revisions"}],"predecessor-version":[{"id":24269,"href":"https:\/\/contraluzcucuta.co\/index.php?rest_route=\/wp\/v2\/posts\/24267\/revisions\/24269"}],"wp:featuredmedia":[{"embeddable":true,"href":"https:\/\/contraluzcucuta.co\/index.php?rest_route=\/wp\/v2\/media\/24268"}],"wp:attachment":[{"href":"https:\/\/contraluzcucuta.co\/index.php?rest_route=%2Fwp%2Fv2%2Fmedia&parent=24267"}],"wp:term":[{"taxonomy":"category","embeddable":true,"href":"https:\/\/contraluzcucuta.co\/index.php?rest_route=%2Fwp%2Fv2%2Fcategories&post=24267"},{"taxonomy":"post_tag","embeddable":true,"href":"https:\/\/contraluzcucuta.co\/index.php?rest_route=%2Fwp%2Fv2%2Ftags&post=24267"}],"curies":[{"name":"wp","href":"https:\/\/api.w.org\/{rel}","templated":true}]}}