{"id":24232,"date":"2015-06-04T06:03:46","date_gmt":"2015-06-04T11:03:46","guid":{"rendered":"http:\/\/contraluzcucuta.co\/?p=24232"},"modified":"2015-06-04T06:03:46","modified_gmt":"2015-06-04T11:03:46","slug":"aguas-kpital-la-velada-cultural-se-traslada-al-salon-del-agua","status":"publish","type":"post","link":"https:\/\/contraluzcucuta.co\/?p=24232","title":{"rendered":"AGUAS KPITAL. La velada cultural se traslada al Sal\u00f3n del Agua"},"content":{"rendered":"<p><strong>CUCUTA.-<\/strong> El arte y la cultura son ejes fundamentales para el desarrollo de la ciudad. Cada viernes, Aguas Kpital C\u00facuta S.A ESP desarrolla las Veladas Culturales en el Puente de Guadua. Esta semana, y solo por este viernes, las actividades de promoci\u00f3n art\u00edstica se trasladar\u00e1n a la biblioteca p\u00fablica Julio P\u00e9rez Ferrero, donde se llevar\u00e1 a cabo el acto inaugural de la novena versi\u00f3n del Sal\u00f3n del Agua y la presentaci\u00f3n del informe de gesti\u00f3n.<\/p>\n<p>Los asiduos asistentes a las veladas deber\u00e1n cambiar de escenario por esta semana. El 12 de junio y en adelante, volver\u00e1n al escenario natural para disfrutar gratis las presentaciones culturales, en la glorieta Arnulfo Brice\u00f1o, a las 7:00 de la noche.<\/p>\n<p>Los asistentes a las veladas culturales est\u00e1n invitados a la biblioteca p\u00fablica Julio P\u00e9rez Ferrero, este 5 de junio a las 7:00 de la noche, para que conozcan las obras ganadoras y dar apertura a la exposici\u00f3n de la novena versi\u00f3n del Sal\u00f3n del Agua. Adem\u00e1s, se conmemorar\u00e1 el d\u00eda Mundial del Medio Ambiente.<\/p>\n<p>El gerente Hugo Vergel presentar\u00e1 el informe de gesti\u00f3n con los resultados obtenidos tras nueve a\u00f1os de labores, en los que la empresa ha trabajado constantemente por mejorar la calidad de vida de los cucute\u00f1os.<\/p>\n<p>Ser\u00e1 la ocasi\u00f3n propicia para que la comunidad conozca de primera mano las acciones de la empresa para optimizar los servicios de acueducto y alcantarillado. Igualmente, se har\u00e1 reconocimiento a personas, entidades p\u00fablicas y empresas privadas que han formado parte activa del proceso de mejoramiento de la organizaci\u00f3n.<\/p>\n<p>Foto: libreriausados.com.ar<\/p>\n<p>&nbsp;<\/p>\n<p>&nbsp; <\/p>\n","protected":false},"excerpt":{"rendered":"<p>CUCUTA.- El arte y la cultura son ejes fundamentales para el desarrollo de la ciudad. Cada viernes, Aguas Kpital C\u00facuta S.A ESP desarrolla las Veladas Culturales en el Puente de Guadua. Esta semana, y solo por este viernes, las actividades de promoci\u00f3n art\u00edstica se trasladar\u00e1n a la biblioteca p\u00fablica Julio P\u00e9rez Ferrero, donde se llevar\u00e1 &hellip;<\/p>\n","protected":false},"author":1,"featured_media":24233,"comment_status":"open","ping_status":"open","sticky":false,"template":"","format":"standard","meta":{"footnotes":""},"categories":[36,37],"tags":[248,370,2258,2257],"class_list":["post-24232","post","type-post","status-publish","format-standard","has-post-thumbnail","hentry","category-la-voz-del-pueblo","category-paseo-cultural","tag-aguas-kpital","tag-biblioteca-julio-perez-ferrero","tag-salon-del-agua","tag-veladas-culturales"],"_links":{"self":[{"href":"https:\/\/contraluzcucuta.co\/index.php?rest_route=\/wp\/v2\/posts\/24232","targetHints":{"allow":["GET"]}}],"collection":[{"href":"https:\/\/contraluzcucuta.co\/index.php?rest_route=\/wp\/v2\/posts"}],"about":[{"href":"https:\/\/contraluzcucuta.co\/index.php?rest_route=\/wp\/v2\/types\/post"}],"author":[{"embeddable":true,"href":"https:\/\/contraluzcucuta.co\/index.php?rest_route=\/wp\/v2\/users\/1"}],"replies":[{"embeddable":true,"href":"https:\/\/contraluzcucuta.co\/index.php?rest_route=%2Fwp%2Fv2%2Fcomments&post=24232"}],"version-history":[{"count":1,"href":"https:\/\/contraluzcucuta.co\/index.php?rest_route=\/wp\/v2\/posts\/24232\/revisions"}],"predecessor-version":[{"id":24234,"href":"https:\/\/contraluzcucuta.co\/index.php?rest_route=\/wp\/v2\/posts\/24232\/revisions\/24234"}],"wp:featuredmedia":[{"embeddable":true,"href":"https:\/\/contraluzcucuta.co\/index.php?rest_route=\/wp\/v2\/media\/24233"}],"wp:attachment":[{"href":"https:\/\/contraluzcucuta.co\/index.php?rest_route=%2Fwp%2Fv2%2Fmedia&parent=24232"}],"wp:term":[{"taxonomy":"category","embeddable":true,"href":"https:\/\/contraluzcucuta.co\/index.php?rest_route=%2Fwp%2Fv2%2Fcategories&post=24232"},{"taxonomy":"post_tag","embeddable":true,"href":"https:\/\/contraluzcucuta.co\/index.php?rest_route=%2Fwp%2Fv2%2Ftags&post=24232"}],"curies":[{"name":"wp","href":"https:\/\/api.w.org\/{rel}","templated":true}]}}