{"id":24225,"date":"2015-06-02T19:20:34","date_gmt":"2015-06-03T00:20:34","guid":{"rendered":"http:\/\/contraluzcucuta.co\/?p=24225"},"modified":"2015-06-02T19:20:34","modified_gmt":"2015-06-03T00:20:34","slug":"candidato-a-la-alcaldia-asociaciones-de-mujeres-destacan-iniciativas-de-luna","status":"publish","type":"post","link":"https:\/\/contraluzcucuta.co\/?p=24225","title":{"rendered":"CANDIDATO A LA ALCALD\u00cdA. Asociaciones de mujeres destacan iniciativas de Luna"},"content":{"rendered":"<p><strong>C\u00daCUTA.-<\/strong> \u00a0Carlos Luna lider\u00f3 una reuni\u00f3n con 120 mujeres vinculadas a asociaciones de madres cabeza de familia y v\u00edctimas en Los Olivos y Los Estoraques. Escuch\u00f3 los inconvenientes que enfrentan para el acceso a programas no formales de formaci\u00f3n de calidad que las certifiquen en panader\u00eda, confecciones y bisuter\u00eda y les permitan en el futuro crear unidades productivas.<\/p>\n<p>Buscar\u00e1 el fortalecimiento de las Asociaciones con presencia en el municipio para garantizar el acompa\u00f1amiento, la entrega de capital semilla y promover el trabajo en red, uniendo presupuestos del departamento y el municipio.<\/p>\n<p>\u201cLos programas de capacitaci\u00f3n que actualmente se ofrecen para las asociaciones de mujeres deben replantearse y establecer formaci\u00f3n en temas que den respuesta a sus necesidades reales generando oportunidades de empleo, Soluciones Reales que trasformar\u00e1n a C\u00facuta brindando oportunidades para las comunidades\u201d, destac\u00f3 Luna.<\/p>\n<p>Foto: PRENSA DE LA CAMPA\u00d1A <\/p>\n","protected":false},"excerpt":{"rendered":"<p>C\u00daCUTA.- \u00a0Carlos Luna lider\u00f3 una reuni\u00f3n con 120 mujeres vinculadas a asociaciones de madres cabeza de familia y v\u00edctimas en Los Olivos y Los Estoraques. Escuch\u00f3 los inconvenientes que enfrentan para el acceso a programas no formales de formaci\u00f3n de calidad que las certifiquen en panader\u00eda, confecciones y bisuter\u00eda y les permitan en el futuro &hellip;<\/p>\n","protected":false},"author":1,"featured_media":24226,"comment_status":"open","ping_status":"open","sticky":false,"template":"","format":"standard","meta":{"footnotes":""},"categories":[9],"tags":[108,1592],"class_list":["post-24225","post","type-post","status-publish","format-standard","has-post-thumbnail","hentry","category-politica","tag-candidato-a-la-alcaldia-de-cucuta","tag-carlos-luna"],"_links":{"self":[{"href":"https:\/\/contraluzcucuta.co\/index.php?rest_route=\/wp\/v2\/posts\/24225","targetHints":{"allow":["GET"]}}],"collection":[{"href":"https:\/\/contraluzcucuta.co\/index.php?rest_route=\/wp\/v2\/posts"}],"about":[{"href":"https:\/\/contraluzcucuta.co\/index.php?rest_route=\/wp\/v2\/types\/post"}],"author":[{"embeddable":true,"href":"https:\/\/contraluzcucuta.co\/index.php?rest_route=\/wp\/v2\/users\/1"}],"replies":[{"embeddable":true,"href":"https:\/\/contraluzcucuta.co\/index.php?rest_route=%2Fwp%2Fv2%2Fcomments&post=24225"}],"version-history":[{"count":1,"href":"https:\/\/contraluzcucuta.co\/index.php?rest_route=\/wp\/v2\/posts\/24225\/revisions"}],"predecessor-version":[{"id":24227,"href":"https:\/\/contraluzcucuta.co\/index.php?rest_route=\/wp\/v2\/posts\/24225\/revisions\/24227"}],"wp:featuredmedia":[{"embeddable":true,"href":"https:\/\/contraluzcucuta.co\/index.php?rest_route=\/wp\/v2\/media\/24226"}],"wp:attachment":[{"href":"https:\/\/contraluzcucuta.co\/index.php?rest_route=%2Fwp%2Fv2%2Fmedia&parent=24225"}],"wp:term":[{"taxonomy":"category","embeddable":true,"href":"https:\/\/contraluzcucuta.co\/index.php?rest_route=%2Fwp%2Fv2%2Fcategories&post=24225"},{"taxonomy":"post_tag","embeddable":true,"href":"https:\/\/contraluzcucuta.co\/index.php?rest_route=%2Fwp%2Fv2%2Ftags&post=24225"}],"curies":[{"name":"wp","href":"https:\/\/api.w.org\/{rel}","templated":true}]}}