{"id":24222,"date":"2015-06-02T19:09:54","date_gmt":"2015-06-03T00:09:54","guid":{"rendered":"http:\/\/contraluzcucuta.co\/?p=24222"},"modified":"2015-06-02T19:09:54","modified_gmt":"2015-06-03T00:09:54","slug":"candidata-a-la-gobernacion-dialogo-y-respaldo-popular-al-centro-democratico","status":"publish","type":"post","link":"https:\/\/contraluzcucuta.co\/?p=24222","title":{"rendered":"CANDIDATA A LA GOBERNACI\u00d3N. Di\u00e1logo y respaldo popular al Centro Democr\u00e1tico"},"content":{"rendered":"<p><strong>PAMPLONA \u2013 Norte de Santander.-<\/strong> En cumplimiento de uno de los pilares principales del partido Centro Democr\u00e1tico, los candidatos en Norte de Santander avanzan en la ruta de di\u00e1logo popular. En Pamplona, ante un nutrido grupo de mujeres, se presentaron la candidata a la Gobernaci\u00f3n de Norte de Santander, Milla Romero; el aspirante a la alcald\u00eda Ronald Contreras y candidatos al concejo de la Ciudad Mitrada.<\/p>\n<p>El encuentro tuvo lugar en un auditorio pamplon\u00e9s frente a m\u00e1s de 600 mujeres que respaldaron al equipo de trabajo del movimiento pol\u00edtico que aspira a superar la votaci\u00f3n conseguida en los anteriores comicios presidenciales.<\/p>\n<p>De esta manera, se consolidan los proyectos de los candidatos centrodemocr\u00e1ticos para las elecciones regionales del 25 de octubre.<\/p>\n<p>Foto: CAMPA\u00d1A POL\u00cdTICA <\/p>\n","protected":false},"excerpt":{"rendered":"<p>PAMPLONA \u2013 Norte de Santander.- En cumplimiento de uno de los pilares principales del partido Centro Democr\u00e1tico, los candidatos en Norte de Santander avanzan en la ruta de di\u00e1logo popular. En Pamplona, ante un nutrido grupo de mujeres, se presentaron la candidata a la Gobernaci\u00f3n de Norte de Santander, Milla Romero; el aspirante a la &hellip;<\/p>\n","protected":false},"author":1,"featured_media":24223,"comment_status":"open","ping_status":"open","sticky":false,"template":"","format":"standard","meta":{"footnotes":""},"categories":[9],"tags":[1100,2191],"class_list":["post-24222","post","type-post","status-publish","format-standard","has-post-thumbnail","hentry","category-politica","tag-centro-democratico","tag-milla-romero"],"_links":{"self":[{"href":"https:\/\/contraluzcucuta.co\/index.php?rest_route=\/wp\/v2\/posts\/24222","targetHints":{"allow":["GET"]}}],"collection":[{"href":"https:\/\/contraluzcucuta.co\/index.php?rest_route=\/wp\/v2\/posts"}],"about":[{"href":"https:\/\/contraluzcucuta.co\/index.php?rest_route=\/wp\/v2\/types\/post"}],"author":[{"embeddable":true,"href":"https:\/\/contraluzcucuta.co\/index.php?rest_route=\/wp\/v2\/users\/1"}],"replies":[{"embeddable":true,"href":"https:\/\/contraluzcucuta.co\/index.php?rest_route=%2Fwp%2Fv2%2Fcomments&post=24222"}],"version-history":[{"count":1,"href":"https:\/\/contraluzcucuta.co\/index.php?rest_route=\/wp\/v2\/posts\/24222\/revisions"}],"predecessor-version":[{"id":24224,"href":"https:\/\/contraluzcucuta.co\/index.php?rest_route=\/wp\/v2\/posts\/24222\/revisions\/24224"}],"wp:featuredmedia":[{"embeddable":true,"href":"https:\/\/contraluzcucuta.co\/index.php?rest_route=\/wp\/v2\/media\/24223"}],"wp:attachment":[{"href":"https:\/\/contraluzcucuta.co\/index.php?rest_route=%2Fwp%2Fv2%2Fmedia&parent=24222"}],"wp:term":[{"taxonomy":"category","embeddable":true,"href":"https:\/\/contraluzcucuta.co\/index.php?rest_route=%2Fwp%2Fv2%2Fcategories&post=24222"},{"taxonomy":"post_tag","embeddable":true,"href":"https:\/\/contraluzcucuta.co\/index.php?rest_route=%2Fwp%2Fv2%2Ftags&post=24222"}],"curies":[{"name":"wp","href":"https:\/\/api.w.org\/{rel}","templated":true}]}}