{"id":24219,"date":"2015-06-02T18:54:43","date_gmt":"2015-06-02T23:54:43","guid":{"rendered":"http:\/\/contraluzcucuta.co\/?p=24219"},"modified":"2015-06-02T18:54:43","modified_gmt":"2015-06-02T23:54:43","slug":"concejo-de-cucuta-aplazado-control-politico-a-secretarios-municipales","status":"publish","type":"post","link":"https:\/\/contraluzcucuta.co\/?p=24219","title":{"rendered":"CONCEJO DE C\u00daCUTA. Aplazado control pol\u00edtico a secretarios municipales"},"content":{"rendered":"<p><strong>C\u00daCUTA.-<\/strong> El reajuste en el gabinete municipal, provocado por la renuncia de dos secretarios y dos subsecretarios, oblig\u00f3 al Concejo de C\u00facuta a aplazar el control pol\u00edtico que adelantaba a los funcionarios de orden municipal.<\/p>\n<p>Nueve concejales se acogieron a la proposici\u00f3n V\u00edctor Su\u00e1rez y Fabio Araque en la que solicitaron posponer los debates hasta cuando el alcalde Donamaris Ram\u00edrez designe los remplazos de los salientes secretarios. El \u00faltimo que deb\u00eda presentarse en la corporaci\u00f3n era Javier Ardila, titular de Tr\u00e1nsito.<\/p>\n<p>Fabio Araque, Oliverio Castellanos, Emerson Meneses, Magda Liliana Mora, Nelson Parada, Jorge Quintero, George Alexander Salazar, V\u00edctor Su\u00e1rez y Rodolfo Torres firmaron el documento. Wilmar Cepeda no acompa\u00f1\u00f3 al grupo.<\/p>\n<p>Los controles pol\u00edticos se aplazar\u00e1n hasta cuando se haga efectivo el ajuste del gabinete y haya los cambios pertinentes en el cuerpo de colaboradores inmediatos del Alcalde. Una vez los nuevos secretarios hagan el empalme y reciban las secretar\u00edas, podr\u00e1n asistir al Concejo a entregar el informe de gesti\u00f3n.<\/p>\n<p>En la \u00faltima sesi\u00f3n \u201cel saliente secretario de Tr\u00e1nsito, Javier Ardila, no\u00a0 ten\u00eda la obligaci\u00f3n de asistir, porque no pertenece a la administraci\u00f3n municipal\u201d, reconocieron los concejales. \u00a0Ardila Lozada present\u00f3 renuncia \u00a0el 15 de mayo.<\/p>\n<p>El secretario privado \u00a0Henry Duarte tambi\u00e9n\u00a0 decidi\u00f3 retirarse del gobierno cucute\u00f1o para apoyar el proyecto pol\u00edtico que encabeza David Castillo como candidato a la Alcald\u00eda de C\u00facuta. En el nuevo aire practicar\u00e1 el libre ejercicio de la democracia de cara al pueblo cucute\u00f1o.<\/p>\n<p>El 29 de mayo, tambi\u00e9n se aceptaron las dimisiones de \u00a0Karen Johanna L\u00f3pez Lizarazo, Sub-secretaria de Desarrollo Social, y \u00a0Lenny Esmeralda Rol\u00f3n Rozo, Sub-secretaria de Gobierno. El alcalde \u00a0Ram\u00edrez \u00a0agradeci\u00f3 la labor desempe\u00f1ada por los funcionarios y les reconoci\u00f3 el apoyo a su gesti\u00f3n.<\/p>\n<p><strong>Foto: PRENSA ALCALD\u00cdA DE C\u00daCUTA<\/strong><\/p>\n<p>&nbsp; <\/p>\n","protected":false},"excerpt":{"rendered":"<p>C\u00daCUTA.- El reajuste en el gabinete municipal, provocado por la renuncia de dos secretarios y dos subsecretarios, oblig\u00f3 al Concejo de C\u00facuta a aplazar el control pol\u00edtico que adelantaba a los funcionarios de orden municipal. Nueve concejales se acogieron a la proposici\u00f3n V\u00edctor Su\u00e1rez y Fabio Araque en la que solicitaron posponer los debates hasta &hellip;<\/p>\n","protected":false},"author":1,"featured_media":24220,"comment_status":"open","ping_status":"open","sticky":false,"template":"","format":"standard","meta":{"footnotes":""},"categories":[4,9],"tags":[304,197,2255],"class_list":["post-24219","post","type-post","status-publish","format-standard","has-post-thumbnail","hentry","category-barra","category-politica","tag-alcalde-de-cucuta","tag-concejo-de-cucuta","tag-javier-ardila"],"_links":{"self":[{"href":"https:\/\/contraluzcucuta.co\/index.php?rest_route=\/wp\/v2\/posts\/24219","targetHints":{"allow":["GET"]}}],"collection":[{"href":"https:\/\/contraluzcucuta.co\/index.php?rest_route=\/wp\/v2\/posts"}],"about":[{"href":"https:\/\/contraluzcucuta.co\/index.php?rest_route=\/wp\/v2\/types\/post"}],"author":[{"embeddable":true,"href":"https:\/\/contraluzcucuta.co\/index.php?rest_route=\/wp\/v2\/users\/1"}],"replies":[{"embeddable":true,"href":"https:\/\/contraluzcucuta.co\/index.php?rest_route=%2Fwp%2Fv2%2Fcomments&post=24219"}],"version-history":[{"count":1,"href":"https:\/\/contraluzcucuta.co\/index.php?rest_route=\/wp\/v2\/posts\/24219\/revisions"}],"predecessor-version":[{"id":24221,"href":"https:\/\/contraluzcucuta.co\/index.php?rest_route=\/wp\/v2\/posts\/24219\/revisions\/24221"}],"wp:featuredmedia":[{"embeddable":true,"href":"https:\/\/contraluzcucuta.co\/index.php?rest_route=\/wp\/v2\/media\/24220"}],"wp:attachment":[{"href":"https:\/\/contraluzcucuta.co\/index.php?rest_route=%2Fwp%2Fv2%2Fmedia&parent=24219"}],"wp:term":[{"taxonomy":"category","embeddable":true,"href":"https:\/\/contraluzcucuta.co\/index.php?rest_route=%2Fwp%2Fv2%2Fcategories&post=24219"},{"taxonomy":"post_tag","embeddable":true,"href":"https:\/\/contraluzcucuta.co\/index.php?rest_route=%2Fwp%2Fv2%2Ftags&post=24219"}],"curies":[{"name":"wp","href":"https:\/\/api.w.org\/{rel}","templated":true}]}}