{"id":24184,"date":"2015-05-26T06:28:20","date_gmt":"2015-05-26T11:28:20","guid":{"rendered":"http:\/\/contraluzcucuta.co\/?p=24184"},"modified":"2015-05-26T06:28:20","modified_gmt":"2015-05-26T11:28:20","slug":"candidato-a-la-alcaldia-compromiso-del-centro-democratico-en-norte-de-santander","status":"publish","type":"post","link":"https:\/\/contraluzcucuta.co\/?p=24184","title":{"rendered":"CANDIDATO A LA ALCALD\u00cdA. Compromiso del Centro Democr\u00e1tico en Norte de Santander"},"content":{"rendered":"<p><strong>C\u00daCUTA.-<\/strong> El Centro Democr\u00e1tico Norte de Santander trabaja con el compromiso de fortalecer los proyectos pol\u00edticos que aspiran a la Gobernaci\u00f3n de Norte de Santander, con la ingeniera Milla Romero, y\u00a0 a la alcald\u00eda de C\u00facuta con el economista Sergio Entrena.<\/p>\n<p>Los perfiles de los candidatos a los gobiernos regional y local cumplen con los requisitos solicitados por el partido. \u201cLos candidatos del Centro Democr\u00e1tico siempre se han buscado con tres condiciones, que sean c\u00edvicos, con capacidad gerencial y trasparencia y que amen infinitamente a la comunidad\u201d, manifest\u00f3 la senadora Paola Holgu\u00edn.<\/p>\n<p>Reiter\u00f3 que la coalici\u00f3n del partido es con la comunidad mediante el di\u00e1logo popular, en acato a las instrucciones del expresidente \u00c1lvaro Uribe V\u00e9lez.<\/p>\n<p>Los candidatos reafirmaron que su coalici\u00f3n es con la comunidad, que es la base para el trabajo que se construye para darles forma a las propuestas. \u201cEl Centro Democr\u00e1tico es un partido de patriotas\u201d, puntualiz\u00f3 la senadora Holgu\u00edn.<\/p>\n<p>Foto: CENTRO DE COMUNICACIONES <\/p>\n","protected":false},"excerpt":{"rendered":"<p>C\u00daCUTA.- El Centro Democr\u00e1tico Norte de Santander trabaja con el compromiso de fortalecer los proyectos pol\u00edticos que aspiran a la Gobernaci\u00f3n de Norte de Santander, con la ingeniera Milla Romero, y\u00a0 a la alcald\u00eda de C\u00facuta con el economista Sergio Entrena. Los perfiles de los candidatos a los gobiernos regional y local cumplen con los &hellip;<\/p>\n","protected":false},"author":1,"featured_media":24185,"comment_status":"open","ping_status":"open","sticky":false,"template":"","format":"standard","meta":{"footnotes":""},"categories":[1728,403,9],"tags":[1100,2230],"class_list":["post-24184","post","type-post","status-publish","format-standard","has-post-thumbnail","hentry","category-alcaldables","category-efemerides","category-politica","tag-centro-democratico","tag-sergio-entrena"],"_links":{"self":[{"href":"https:\/\/contraluzcucuta.co\/index.php?rest_route=\/wp\/v2\/posts\/24184","targetHints":{"allow":["GET"]}}],"collection":[{"href":"https:\/\/contraluzcucuta.co\/index.php?rest_route=\/wp\/v2\/posts"}],"about":[{"href":"https:\/\/contraluzcucuta.co\/index.php?rest_route=\/wp\/v2\/types\/post"}],"author":[{"embeddable":true,"href":"https:\/\/contraluzcucuta.co\/index.php?rest_route=\/wp\/v2\/users\/1"}],"replies":[{"embeddable":true,"href":"https:\/\/contraluzcucuta.co\/index.php?rest_route=%2Fwp%2Fv2%2Fcomments&post=24184"}],"version-history":[{"count":1,"href":"https:\/\/contraluzcucuta.co\/index.php?rest_route=\/wp\/v2\/posts\/24184\/revisions"}],"predecessor-version":[{"id":24186,"href":"https:\/\/contraluzcucuta.co\/index.php?rest_route=\/wp\/v2\/posts\/24184\/revisions\/24186"}],"wp:featuredmedia":[{"embeddable":true,"href":"https:\/\/contraluzcucuta.co\/index.php?rest_route=\/wp\/v2\/media\/24185"}],"wp:attachment":[{"href":"https:\/\/contraluzcucuta.co\/index.php?rest_route=%2Fwp%2Fv2%2Fmedia&parent=24184"}],"wp:term":[{"taxonomy":"category","embeddable":true,"href":"https:\/\/contraluzcucuta.co\/index.php?rest_route=%2Fwp%2Fv2%2Fcategories&post=24184"},{"taxonomy":"post_tag","embeddable":true,"href":"https:\/\/contraluzcucuta.co\/index.php?rest_route=%2Fwp%2Fv2%2Ftags&post=24184"}],"curies":[{"name":"wp","href":"https:\/\/api.w.org\/{rel}","templated":true}]}}