{"id":24180,"date":"2015-05-26T06:12:29","date_gmt":"2015-05-26T11:12:29","guid":{"rendered":"http:\/\/contraluzcucuta.co\/?p=24180"},"modified":"2015-05-26T06:14:01","modified_gmt":"2015-05-26T11:14:01","slug":"24180","status":"publish","type":"post","link":"https:\/\/contraluzcucuta.co\/?p=24180","title":{"rendered":"CANDIDATO A LA ALCALD\u00cdA. Duplicar inversi\u00f3n social en Atalaya: Acevedo"},"content":{"rendered":"<p><strong>C\u00daCUTA.-<\/strong> En su recorrido habitual por los barrios de C\u00facuta, el ingeniero Jorge Acevedo se comprometi\u00f3 a aumentar la inversi\u00f3n social en la Ciudadela Juan Atalaya. La promesa la hizo caminar por la zona de Las Am\u00e9ricas, entre los barrios Chapinero y Comuneros.<\/p>\n<p>Propuso mejorar la infraestructura, como m\u00ednimo, de seis instituciones educativas del sector. La atenci\u00f3n especial se enfocar\u00e1 a las zonas vulnerables, especialmente en los\u00a0 barrios El Para\u00edso, Cormoranes y La Florida, donde no est\u00e1 garantizado el derecho a la educaci\u00f3n.<\/p>\n<p>La salud es del inter\u00e9s primordial de Jorge Acevedo para con los habitantes de las comunas 7 y 8. Asegur\u00f3 que es necesario convertir\u00a0 la Unidad B\u00e1sica de Atenci\u00f3n en IPS de mediana complejidad para atender tratamientos especializados.<\/p>\n<p>La Ciudadela Juan Atalaya contar\u00e1 con el Centro Especializado de Cuidado, Atenci\u00f3n y Rehabilitaci\u00f3n de Ni\u00f1os en condici\u00f3n de discapacidad.<\/p>\n<p>Foto: CAMPA\u00d1A ACEVEDO ALCALDE <\/p>\n","protected":false},"excerpt":{"rendered":"<p>C\u00daCUTA.- En su recorrido habitual por los barrios de C\u00facuta, el ingeniero Jorge Acevedo se comprometi\u00f3 a aumentar la inversi\u00f3n social en la Ciudadela Juan Atalaya. La promesa la hizo caminar por la zona de Las Am\u00e9ricas, entre los barrios Chapinero y Comuneros. Propuso mejorar la infraestructura, como m\u00ednimo, de seis instituciones educativas del sector. &hellip;<\/p>\n","protected":false},"author":1,"featured_media":24181,"comment_status":"open","ping_status":"open","sticky":false,"template":"","format":"standard","meta":{"footnotes":""},"categories":[1728,403,9],"tags":[108,2192],"class_list":["post-24180","post","type-post","status-publish","format-standard","has-post-thumbnail","hentry","category-alcaldables","category-efemerides","category-politica","tag-candidato-a-la-alcaldia-de-cucuta","tag-jorge-acevedo"],"_links":{"self":[{"href":"https:\/\/contraluzcucuta.co\/index.php?rest_route=\/wp\/v2\/posts\/24180","targetHints":{"allow":["GET"]}}],"collection":[{"href":"https:\/\/contraluzcucuta.co\/index.php?rest_route=\/wp\/v2\/posts"}],"about":[{"href":"https:\/\/contraluzcucuta.co\/index.php?rest_route=\/wp\/v2\/types\/post"}],"author":[{"embeddable":true,"href":"https:\/\/contraluzcucuta.co\/index.php?rest_route=\/wp\/v2\/users\/1"}],"replies":[{"embeddable":true,"href":"https:\/\/contraluzcucuta.co\/index.php?rest_route=%2Fwp%2Fv2%2Fcomments&post=24180"}],"version-history":[{"count":2,"href":"https:\/\/contraluzcucuta.co\/index.php?rest_route=\/wp\/v2\/posts\/24180\/revisions"}],"predecessor-version":[{"id":24183,"href":"https:\/\/contraluzcucuta.co\/index.php?rest_route=\/wp\/v2\/posts\/24180\/revisions\/24183"}],"wp:featuredmedia":[{"embeddable":true,"href":"https:\/\/contraluzcucuta.co\/index.php?rest_route=\/wp\/v2\/media\/24181"}],"wp:attachment":[{"href":"https:\/\/contraluzcucuta.co\/index.php?rest_route=%2Fwp%2Fv2%2Fmedia&parent=24180"}],"wp:term":[{"taxonomy":"category","embeddable":true,"href":"https:\/\/contraluzcucuta.co\/index.php?rest_route=%2Fwp%2Fv2%2Fcategories&post=24180"},{"taxonomy":"post_tag","embeddable":true,"href":"https:\/\/contraluzcucuta.co\/index.php?rest_route=%2Fwp%2Fv2%2Ftags&post=24180"}],"curies":[{"name":"wp","href":"https:\/\/api.w.org\/{rel}","templated":true}]}}