{"id":24177,"date":"2015-05-26T06:00:18","date_gmt":"2015-05-26T11:00:18","guid":{"rendered":"http:\/\/contraluzcucuta.co\/?p=24177"},"modified":"2015-05-26T06:00:18","modified_gmt":"2015-05-26T11:00:18","slug":"candidato-a-la-alcaldia-carlos-luna-apoya-recuperacion-del-teatro-juan-atalaya","status":"publish","type":"post","link":"https:\/\/contraluzcucuta.co\/?p=24177","title":{"rendered":"CANDIDATO A LA ALCALD\u00cdA. Carlos Luna apoya recuperaci\u00f3n del Teatro Juan Atalaya"},"content":{"rendered":"<p><strong>C\u00daCUTA.-<\/strong>\u00a0 Representantes de organizaciones sociales y comunitarias compartieron con Carlos Luna la iniciativa para recuperar el Teatro Juan Atalaya. La idea es transformarlo en Centro Cultural y de Comunicaciones que permita a ni\u00f1os, adolescentes y j\u00f3venes de las comunas\u00a0 7 y 8 desarrollar actividades art\u00edsticas y de comunicaci\u00f3n alternativa.<\/p>\n<p>Tras 10 a\u00f1os de abandono, l\u00edderes comunitarios insisten en convertirlo en un espacio que facilite la pr\u00e1ctica de danza, pintura, teatro, escultura, \u00a0literatura y producci\u00f3n de televisi\u00f3n y radio comunitaria. Para alcanzar este sue\u00f1o es necesario establecer una figura jur\u00eddica con capacidad administrativa y sostenible que administre y gestione recursos. El proceso que tendr\u00e1 el respaldo del Programa Soluciones Reales con asesor\u00eda t\u00e9cnica y jur\u00eddica.<\/p>\n<p>El candidato a la Alcald\u00eda dijo que \u201ces incre\u00edble que estas instalaciones est\u00e9n abandonadas\u201d. En ese estado de olvido el teatro fomenta la delincuencia mientras las asociaciones que apoyan el arte y la cultura no tienen d\u00f3nde ejercer sus actividades.<\/p>\n<p>\u201cEl compromiso es claro. A partir del primero de enero, vamos a apoyarlos para recuperar este teatro para el arte, la cultura y el disfrute de ni\u00f1os, j\u00f3venes y adolescentes de la ciudadela comprometiendo recursos y apoyando la gesti\u00f3n ante instancias nacionales y regionales\u201d.<\/p>\n<p>Foto: CAMPA\u00d1A LUNA ALCALDE <\/p>\n","protected":false},"excerpt":{"rendered":"<p>C\u00daCUTA.-\u00a0 Representantes de organizaciones sociales y comunitarias compartieron con Carlos Luna la iniciativa para recuperar el Teatro Juan Atalaya. La idea es transformarlo en Centro Cultural y de Comunicaciones que permita a ni\u00f1os, adolescentes y j\u00f3venes de las comunas\u00a0 7 y 8 desarrollar actividades art\u00edsticas y de comunicaci\u00f3n alternativa. Tras 10 a\u00f1os de abandono, l\u00edderes &hellip;<\/p>\n","protected":false},"author":1,"featured_media":24178,"comment_status":"open","ping_status":"open","sticky":false,"template":"","format":"standard","meta":{"footnotes":""},"categories":[1728,403,9],"tags":[108,1592],"class_list":["post-24177","post","type-post","status-publish","format-standard","has-post-thumbnail","hentry","category-alcaldables","category-efemerides","category-politica","tag-candidato-a-la-alcaldia-de-cucuta","tag-carlos-luna"],"_links":{"self":[{"href":"https:\/\/contraluzcucuta.co\/index.php?rest_route=\/wp\/v2\/posts\/24177","targetHints":{"allow":["GET"]}}],"collection":[{"href":"https:\/\/contraluzcucuta.co\/index.php?rest_route=\/wp\/v2\/posts"}],"about":[{"href":"https:\/\/contraluzcucuta.co\/index.php?rest_route=\/wp\/v2\/types\/post"}],"author":[{"embeddable":true,"href":"https:\/\/contraluzcucuta.co\/index.php?rest_route=\/wp\/v2\/users\/1"}],"replies":[{"embeddable":true,"href":"https:\/\/contraluzcucuta.co\/index.php?rest_route=%2Fwp%2Fv2%2Fcomments&post=24177"}],"version-history":[{"count":1,"href":"https:\/\/contraluzcucuta.co\/index.php?rest_route=\/wp\/v2\/posts\/24177\/revisions"}],"predecessor-version":[{"id":24179,"href":"https:\/\/contraluzcucuta.co\/index.php?rest_route=\/wp\/v2\/posts\/24177\/revisions\/24179"}],"wp:featuredmedia":[{"embeddable":true,"href":"https:\/\/contraluzcucuta.co\/index.php?rest_route=\/wp\/v2\/media\/24178"}],"wp:attachment":[{"href":"https:\/\/contraluzcucuta.co\/index.php?rest_route=%2Fwp%2Fv2%2Fmedia&parent=24177"}],"wp:term":[{"taxonomy":"category","embeddable":true,"href":"https:\/\/contraluzcucuta.co\/index.php?rest_route=%2Fwp%2Fv2%2Fcategories&post=24177"},{"taxonomy":"post_tag","embeddable":true,"href":"https:\/\/contraluzcucuta.co\/index.php?rest_route=%2Fwp%2Fv2%2Ftags&post=24177"}],"curies":[{"name":"wp","href":"https:\/\/api.w.org\/{rel}","templated":true}]}}