{"id":24171,"date":"2015-05-25T22:08:39","date_gmt":"2015-05-26T03:08:39","guid":{"rendered":"http:\/\/contraluzcucuta.co\/?p=24171"},"modified":"2015-05-25T22:08:39","modified_gmt":"2015-05-26T03:08:39","slug":"justicia-transicional-antonio-victima-de-la-violencia-ahora-vive-un-milagro","status":"publish","type":"post","link":"https:\/\/contraluzcucuta.co\/?p=24171","title":{"rendered":"JUSTICIA TRANSICIONAL. Antonio, v\u00edctima de la violencia, ahora vive un milagro"},"content":{"rendered":"<p><strong>C\u00daCUTA.<\/strong>&#8211; Un campesino y su familia est\u00e1n a las puertas de obtener la primera cosecha de arroz de su predio, tras haberlo recuperado mediante el proceso de restituci\u00f3n de tierras, en Norte de Santander.<\/p>\n<p>Seis meses despu\u00e9s de haber recibido, por parte de la Unidad de Restituci\u00f3n de Tierras, el predio que la violencia le arrebat\u00f3 durante a\u00f1os, Antonio ve el futuro con nuevos ojos y sonr\u00ede. En sus manos, las mismas que hasta hace poco levantaba al cielo para implorar una mejor\u00eda en su vida y la de los suyos, hoy sostiene con orgullo las espigas de arroz que en poco menos de un mes representar\u00e1n la primera de las muchas cosechas que espera producir en el terreno al que ha terminado por rebautizar \u2018El Milagro\u2019.<\/p>\n<p>Cada semana, con el entusiasmo que lo embarga desde que recibi\u00f3 la noticia de que volver\u00eda a ser el propietario de las 15 hect\u00e1reas que crey\u00f3 perder para siempre, Antonio emprende el viaje desde C\u00facuta hasta el corregimiento Agua Clara y de all\u00ed a la parcela en que, hecho nuevamente un campesino, trabaja con empe\u00f1o el terreno y recorre extasiado el fruto del esfuerzo que emprendi\u00f3 en el momento en que lleg\u00f3 a la Unidad de Restituci\u00f3n de Tierras con la esperanza de alg\u00fan d\u00eda pisarlo.<\/p>\n<p>Hoy, no solo Antonio y los suyos pisan su tierra, sino que por medio de la restituci\u00f3n se encuentran pr\u00f3ximos a recolectar la primera cosecha de arroz en la que han trabajado los \u00faltimos meses. Han proyectado un cambio favorable en el estilo de vida ante los ingresos que esperan les genere la comercializaci\u00f3n del grano. \u201cTodos est\u00e1n aterrados de ver esta cosecha tan buena. Tenemos un acuerdo con los molinos para la venta del arroz\u201d, dijo.<\/p>\n<p>Hasta hace un tiempo se le ve\u00eda abatido ante el infortunio que la violencia le depar\u00f3. Ahora, se muestra alegre, orgulloso de s\u00ed y satisfecho de legar un patrimonio a los hijos, los mismos que han terminado por contagiarse de la felicidad de los padres y la reverencia que rinden al predio por el que, de cierto modo, han dado la vida. Todos hicieron parte del desplazamiento forzado inicial que los sac\u00f3 del terru\u00f1o.<\/p>\n<p>Al cultivo de arroz, adem\u00e1s, poco a poco lo refuerzan con \u00e1rboles frutales que igualmente simbolizan el renacer. Dichoso, Antonio invit\u00f3 a quien lo desee a conocer su caso y ser testigo del floreciente panorama que se le vislumbra. Estas antiguas v\u00edctimas del conflicto hoy son uno m\u00e1s de los hogares a los que la restituci\u00f3n de tierras ha cambiado la vida en Colombia. Atr\u00e1s quedaron los a\u00f1os de dolor en espera de un milagro. Ahora, con la Ley 1448 de 2011, este humilde campesino es el propietario de uno.<\/p>\n<p>Foto: @URestitucion <\/p>\n","protected":false},"excerpt":{"rendered":"<p>C\u00daCUTA.&#8211; Un campesino y su familia est\u00e1n a las puertas de obtener la primera cosecha de arroz de su predio, tras haberlo recuperado mediante el proceso de restituci\u00f3n de tierras, en Norte de Santander. Seis meses despu\u00e9s de haber recibido, por parte de la Unidad de Restituci\u00f3n de Tierras, el predio que la violencia le &hellip;<\/p>\n","protected":false},"author":1,"featured_media":24172,"comment_status":"open","ping_status":"open","sticky":false,"template":"","format":"standard","meta":{"footnotes":""},"categories":[4,5],"tags":[157,669],"class_list":["post-24171","post","type-post","status-publish","format-standard","has-post-thumbnail","hentry","category-barra","category-justicia-transicional","tag-justicia-transicional-2","tag-restitucion-de-tierras-en-norte-de-santander"],"_links":{"self":[{"href":"https:\/\/contraluzcucuta.co\/index.php?rest_route=\/wp\/v2\/posts\/24171","targetHints":{"allow":["GET"]}}],"collection":[{"href":"https:\/\/contraluzcucuta.co\/index.php?rest_route=\/wp\/v2\/posts"}],"about":[{"href":"https:\/\/contraluzcucuta.co\/index.php?rest_route=\/wp\/v2\/types\/post"}],"author":[{"embeddable":true,"href":"https:\/\/contraluzcucuta.co\/index.php?rest_route=\/wp\/v2\/users\/1"}],"replies":[{"embeddable":true,"href":"https:\/\/contraluzcucuta.co\/index.php?rest_route=%2Fwp%2Fv2%2Fcomments&post=24171"}],"version-history":[{"count":1,"href":"https:\/\/contraluzcucuta.co\/index.php?rest_route=\/wp\/v2\/posts\/24171\/revisions"}],"predecessor-version":[{"id":24173,"href":"https:\/\/contraluzcucuta.co\/index.php?rest_route=\/wp\/v2\/posts\/24171\/revisions\/24173"}],"wp:featuredmedia":[{"embeddable":true,"href":"https:\/\/contraluzcucuta.co\/index.php?rest_route=\/wp\/v2\/media\/24172"}],"wp:attachment":[{"href":"https:\/\/contraluzcucuta.co\/index.php?rest_route=%2Fwp%2Fv2%2Fmedia&parent=24171"}],"wp:term":[{"taxonomy":"category","embeddable":true,"href":"https:\/\/contraluzcucuta.co\/index.php?rest_route=%2Fwp%2Fv2%2Fcategories&post=24171"},{"taxonomy":"post_tag","embeddable":true,"href":"https:\/\/contraluzcucuta.co\/index.php?rest_route=%2Fwp%2Fv2%2Ftags&post=24171"}],"curies":[{"name":"wp","href":"https:\/\/api.w.org\/{rel}","templated":true}]}}