{"id":24168,"date":"2015-05-25T21:48:01","date_gmt":"2015-05-26T02:48:01","guid":{"rendered":"http:\/\/contraluzcucuta.co\/?p=24168"},"modified":"2015-05-27T22:45:37","modified_gmt":"2015-05-28T03:45:37","slug":"cucuta-sobre-ruedas-norte-de-santander-ha-vendido-1930-nuevos-vehiculos","status":"publish","type":"post","link":"https:\/\/contraluzcucuta.co\/?p=24168","title":{"rendered":"\u2018C\u00daCUTA SOBRE RUEDAS\u2019. Norte de Santander\u00a0 ha\u00a0 vendido 1930 nuevos veh\u00edculos"},"content":{"rendered":"<p><strong>C\u00daCUTA.-<\/strong> Norte de Santander\u00a0 ha\u00a0 vendido 1930 nuevos veh\u00edculos, en lo que va del 2015. De los cuales 1115\u00a0 han sido autom\u00f3viles, 405 camionetas y 181\u00a0 taxis, entre los de mayor demanda.\u00a0 Las unidades vendidas elevan en 2,1 por ciento la participaci\u00f3n del departamento, respecto al mercado nacional.<\/p>\n<p>En C\u00facuta,\u00a0 en abril,\u00a0 se matricularon\u00a0\u00a0 212\u00a0 veh\u00edculos; en Villa del Rosario, que siempre mostraba mayor concentraci\u00f3n con respecto a la capital del departamento, se registraron 181\u00a0 \u00a0y en Los Patios, 65.<\/p>\n<p>Al comparar las matr\u00edculas de Villa del Rosario se observa que son mayores a las de Floridablanca (Santander), que alcanz\u00f3 solo 104 nuevos veh\u00edculos.<\/p>\n<p>Santander mantiene mayor dinamismo en la venta de automotores, con 4454 nuevos vendidos\u00a0\u00a0 y una participaci\u00f3n en\u00a0\u00a0 el mercado nacional del 4,9 por ciento.<\/p>\n<p>Las cifran ubican al vecino departamento en el quinto lugar de ventas en\u00a0\u00a0\u00a0\u00a0 el pa\u00eds. Risaralda vendi\u00f3 igual n\u00fameros de veh\u00edculos\u00a0 que Norte de Santander.<\/p>\n<p>Comparativamente con el 2014, las ventas han disminuido en el 16 por ciento, en el pa\u00eds\u00a0 acumulado a abril. C\u00facuta espera mejorar este indicador en el segundo semestre. Seg\u00fan estudios del gremio, la segunda parte del a\u00f1o se perfila como de mayor dinamismo.<\/p>\n<p>La seccional de Fenalco se apresta a celebrar, en julio, la s\u00e9ptima versi\u00f3n de \u2018C\u00facuta sobre ruedas\u2019, feria especializada del sector automotor, del 23 al 26 de julio.<\/p>\n<p><strong>D\u00cdA DE LA MADRE<\/strong><\/p>\n<p>La celebraci\u00f3n del D\u00eda de la Madre en Norte de Santander, el 31 de mayo, pone a so\u00f1ar a comerciantes con las buenas ventas en la ciudad y el departamento. La fecha tiene especial importancia en la medida en que se activan las decisiones de compra de los nortesantandereanos.<\/p>\n<p>En el comercio regional se escuchan ofertas y se preparan actividades en hoteles, restaurantes, centros comerciales, grandes formatos del comercio y almacenes. El llamando la atenci\u00f3n a los compradores se hace para\u00a0 aumentar las ventas que les permita cerrar con \u00e9xito la celebraci\u00f3n.<\/p>\n<p>Se espera que las ventas del comercio local aumenten entre el 10 y el 15 por ciento, comparativamente con el 2014. La fecha comercial mueve los bolsillos, de acuerdo con la capacidad de pago.<\/p>\n<p>Seg\u00fan estudios del gremio, el D\u00eda de la Madre lo celebra \u00a0el\u00a0 94 por ciento de los encuestados. La inmensa\u00a0 mayor\u00eda\u00a0 da relevancia a la mujer que sostiene y es columna vertebral de la familia. El 54 por ciento de los consultados celebra en familia en casa\u00a0 y el\u00a0 15 por ciento\u00a0 en restaurantes.<\/p>\n<p>Entre los art\u00edculos de mayor demanda durante esta fecha est\u00e1n ropa, calzado, dinero en efectivo, bonos, chocolates, flores, art\u00edculos de tocador, joyas, relojes, planes de viajes, art\u00edculos tecnol\u00f3gicos y tel\u00e9fonos celulares.<\/p>\n<p>Foto:\u00a0<span style=\"color: #228822;\">circulaseguro.com<\/span> <\/p>\n","protected":false},"excerpt":{"rendered":"<p>C\u00daCUTA.- Norte de Santander\u00a0 ha\u00a0 vendido 1930 nuevos veh\u00edculos, en lo que va del 2015. De los cuales 1115\u00a0 han sido autom\u00f3viles, 405 camionetas y 181\u00a0 taxis, entre los de mayor demanda.\u00a0 Las unidades vendidas elevan en 2,1 por ciento la participaci\u00f3n del departamento, respecto al mercado nacional. En C\u00facuta,\u00a0 en abril,\u00a0 se matricularon\u00a0\u00a0 212\u00a0 &hellip;<\/p>\n","protected":false},"author":1,"featured_media":24169,"comment_status":"open","ping_status":"open","sticky":false,"template":"","format":"standard","meta":{"footnotes":""},"categories":[556,32],"tags":[1516,378],"class_list":["post-24168","post","type-post","status-publish","format-standard","has-post-thumbnail","hentry","category-departamento","category-recorrido-por-la-region","tag-cucuta-sobre-ruedas","tag-fenalco"],"_links":{"self":[{"href":"https:\/\/contraluzcucuta.co\/index.php?rest_route=\/wp\/v2\/posts\/24168","targetHints":{"allow":["GET"]}}],"collection":[{"href":"https:\/\/contraluzcucuta.co\/index.php?rest_route=\/wp\/v2\/posts"}],"about":[{"href":"https:\/\/contraluzcucuta.co\/index.php?rest_route=\/wp\/v2\/types\/post"}],"author":[{"embeddable":true,"href":"https:\/\/contraluzcucuta.co\/index.php?rest_route=\/wp\/v2\/users\/1"}],"replies":[{"embeddable":true,"href":"https:\/\/contraluzcucuta.co\/index.php?rest_route=%2Fwp%2Fv2%2Fcomments&post=24168"}],"version-history":[{"count":1,"href":"https:\/\/contraluzcucuta.co\/index.php?rest_route=\/wp\/v2\/posts\/24168\/revisions"}],"predecessor-version":[{"id":24170,"href":"https:\/\/contraluzcucuta.co\/index.php?rest_route=\/wp\/v2\/posts\/24168\/revisions\/24170"}],"wp:featuredmedia":[{"embeddable":true,"href":"https:\/\/contraluzcucuta.co\/index.php?rest_route=\/wp\/v2\/media\/24169"}],"wp:attachment":[{"href":"https:\/\/contraluzcucuta.co\/index.php?rest_route=%2Fwp%2Fv2%2Fmedia&parent=24168"}],"wp:term":[{"taxonomy":"category","embeddable":true,"href":"https:\/\/contraluzcucuta.co\/index.php?rest_route=%2Fwp%2Fv2%2Fcategories&post=24168"},{"taxonomy":"post_tag","embeddable":true,"href":"https:\/\/contraluzcucuta.co\/index.php?rest_route=%2Fwp%2Fv2%2Ftags&post=24168"}],"curies":[{"name":"wp","href":"https:\/\/api.w.org\/{rel}","templated":true}]}}