{"id":24165,"date":"2015-05-25T21:18:59","date_gmt":"2015-05-26T02:18:59","guid":{"rendered":"http:\/\/contraluzcucuta.co\/?p=24165"},"modified":"2015-05-27T21:45:04","modified_gmt":"2015-05-28T02:45:04","slug":"gimnasia-artistica-jossimar-mas-oro-mundial-en-arzones-y-en-barras-paralelas","status":"publish","type":"post","link":"https:\/\/contraluzcucuta.co\/?p=24165","title":{"rendered":"GIMNASIA ART\u00cdSTICA. Jossimar, m\u00e1s oro mundial en arzones y en barras paralelas"},"content":{"rendered":"<p>&nbsp;<\/p>\n<p><strong>C\u00daCUTA.-<\/strong> Jossimar Calvo volvi\u00f3 a ser noticia internacional. En la Copa Mundo de Anadia (Portugal) gan\u00f3 el oro en las pruebas de arzones y de barras paralelas. El cucute\u00f1o hizo equipo con \u00a0Jorge Hugo Giraldo y Carlos Orozco.<\/p>\n<p>Los colombianos viajaron a Portugal con el fin de cumplir la cita en el torneo orbital y estuvieron acompa\u00f1ados por Ginna Escobar y Bibiana V\u00e9lez. El grupo es dirigido por el licenciado Jairo Ruiz, en masculino, y Diego Medina, en femenino.<\/p>\n<p>La participaci\u00f3n Escobar y V\u00e9lez fue destacada en cada uno de los aparatos. Estuvieron siempre entre las 20 primeras.\u00a0 Giraldo pas\u00f3 a la final de paralelas.<\/p>\n<p>Jossimar se qued\u00f3 con el oro en arzones tras obtener nota de 15.325. En el p\u00f3dium lo acompa\u00f1aron Dmitrijs Trefilovs (Letonia), con 15.100, y Cyril Tommasone (Francia), con 14.950. En \u00a0barras paralelas el cucute\u00f1o alanz\u00f3 la nota de 15.950, seguido por el cubano Manrique Larduet (15.625) y el brit\u00e1nico Ashley Watson (15.250). Jorge Hugo Giraldo termin\u00f3 cuarto (15.050).<\/p>\n<p>Jossimar Calvo ratific\u00f3 el primer lugar en el ranquin mundial de barras paralelas, con 110 puntos. Giraldo qued\u00f3 empatado en el segundo lugar con Oleg Stepko (Azerbaiy\u00e1n), con 60 puntos. El equipo masculino regres\u00f3 a Colombia, mientras las damas tomaban rumbo a Tur\u00edn (Italia) donde competir\u00e1n en la Copa Mundo, el pr\u00f3ximo fin de semana.<\/p>\n<p>Foto: Federaci\u00f3n de Gimnasia <\/p>\n","protected":false},"excerpt":{"rendered":"<p>&nbsp; C\u00daCUTA.- Jossimar Calvo volvi\u00f3 a ser noticia internacional. En la Copa Mundo de Anadia (Portugal) gan\u00f3 el oro en las pruebas de arzones y de barras paralelas. El cucute\u00f1o hizo equipo con \u00a0Jorge Hugo Giraldo y Carlos Orozco. Los colombianos viajaron a Portugal con el fin de cumplir la cita en el torneo orbital &hellip;<\/p>\n","protected":false},"author":1,"featured_media":24166,"comment_status":"open","ping_status":"open","sticky":false,"template":"","format":"standard","meta":{"footnotes":""},"categories":[28],"tags":[2246,639],"class_list":["post-24165","post","type-post","status-publish","format-standard","has-post-thumbnail","hentry","category-vistazo-deportivo","tag-gimnasia-ritmica","tag-jossimar-calvo"],"_links":{"self":[{"href":"https:\/\/contraluzcucuta.co\/index.php?rest_route=\/wp\/v2\/posts\/24165","targetHints":{"allow":["GET"]}}],"collection":[{"href":"https:\/\/contraluzcucuta.co\/index.php?rest_route=\/wp\/v2\/posts"}],"about":[{"href":"https:\/\/contraluzcucuta.co\/index.php?rest_route=\/wp\/v2\/types\/post"}],"author":[{"embeddable":true,"href":"https:\/\/contraluzcucuta.co\/index.php?rest_route=\/wp\/v2\/users\/1"}],"replies":[{"embeddable":true,"href":"https:\/\/contraluzcucuta.co\/index.php?rest_route=%2Fwp%2Fv2%2Fcomments&post=24165"}],"version-history":[{"count":1,"href":"https:\/\/contraluzcucuta.co\/index.php?rest_route=\/wp\/v2\/posts\/24165\/revisions"}],"predecessor-version":[{"id":24167,"href":"https:\/\/contraluzcucuta.co\/index.php?rest_route=\/wp\/v2\/posts\/24165\/revisions\/24167"}],"wp:featuredmedia":[{"embeddable":true,"href":"https:\/\/contraluzcucuta.co\/index.php?rest_route=\/wp\/v2\/media\/24166"}],"wp:attachment":[{"href":"https:\/\/contraluzcucuta.co\/index.php?rest_route=%2Fwp%2Fv2%2Fmedia&parent=24165"}],"wp:term":[{"taxonomy":"category","embeddable":true,"href":"https:\/\/contraluzcucuta.co\/index.php?rest_route=%2Fwp%2Fv2%2Fcategories&post=24165"},{"taxonomy":"post_tag","embeddable":true,"href":"https:\/\/contraluzcucuta.co\/index.php?rest_route=%2Fwp%2Fv2%2Ftags&post=24165"}],"curies":[{"name":"wp","href":"https:\/\/api.w.org\/{rel}","templated":true}]}}