{"id":24152,"date":"2015-05-21T22:28:18","date_gmt":"2015-05-22T03:28:18","guid":{"rendered":"http:\/\/contraluzcucuta.co\/?p=24152"},"modified":"2015-05-25T22:12:48","modified_gmt":"2015-05-26T03:12:48","slug":"conversaciones-a-contraluz-una-oportunidad-bien-aprovechada","status":"publish","type":"post","link":"https:\/\/contraluzcucuta.co\/?p=24152","title":{"rendered":"CONVERSACIONES A CONTRALUZ. Una oportunidad bien aprovechada"},"content":{"rendered":"<p><strong>C\u00daCUTA.-<\/strong> \u201c\u00bfTiene un regalo para m\u00ed?\u201d, fueron las primeras palabras que salieron \u00a0como si lo adivinara o lo hubiera presentido mientras extend\u00eda la mano para saludar y presentarse. Luego, se acomod\u00f3 en la silla, abri\u00f3 el computador y se prepar\u00f3 para evocar los recuerdos de toda una vida.<\/p>\n<p>Llevaba camisa rosada que hac\u00eda contraste con las s\u00e1banas azules de la camilla a sus espaldas y le resaltaba con el blanco de la piel. Casi siempre ten\u00eda el ce\u00f1o fruncido, no porque estuviera enojado o porque algo le incomodara, sino m\u00e1s bien como ma\u00f1a que con los a\u00f1os se ha quedado y que ahora es natural.<\/p>\n<p>La voz suave y pausada sirvi\u00f3 para viajar en el tiempo. Naci\u00f3 en Arboledas (Norte de Santander); sin embargo, no vivi\u00f3 mucho tiempo, pues los padres se mudaron a C\u00facuta en busca de un futuro mejor. Llegaron a Bel\u00e9n, un barrio que apenas tomaba forma, y donde trascurri\u00f3 gran parte de la adolescencia.<\/p>\n<p>La situaci\u00f3n econ\u00f3mica familiar no era f\u00e1cil. El sector donde viv\u00eda no ayudaba y hab\u00eda grandes carencias, pero era feliz. \u201cTen\u00edamos un grupo de amigos y hac\u00edamos todo con ellos, \u00edbamos a la escuela y jug\u00e1bamos siempre juntos\u201d.<\/p>\n<p>Mientras hablaba jugaba con un lapicero que le segu\u00eda el ritmo, siempre miraba a los ojos, tal vez porque su coraz\u00f3n se abr\u00eda y mostraba su lado m\u00e1s humano. En la pared del consultorio las fotos a blanco y negro de las cuatro hijas le sonre\u00edan como si aprobaran orgullosas lo que rememoraba.<\/p>\n<p>Siempre ha sido muy unido a la familia. Cuando ni\u00f1o le gustaba compartir la cena, porque era el \u00fanico momento en el que pod\u00edan estar juntos y sentir el amor de los seres importantes para \u00e9l.<\/p>\n<p>\u201cAlgo que todav\u00eda conservo de mi \u00e9poca de ni\u00f1o es tener el o\u00eddo pegado al radio. H\u00e9ctor Rinc\u00f3n dice que los oyentes son amigos invisibles del locutor, yo sent\u00eda lo contrario, las personas de la radio eran mis amigos invisibles, los conoc\u00eda por sus nombres, sab\u00eda qui\u00e9nes eran, pero nunca los hab\u00eda visto\u201d.<\/p>\n<p>De pronto la pasi\u00f3n por la radio se desarroll\u00f3 porque en la infancia a\u00fan la televisi\u00f3n no era de f\u00e1cil adquisici\u00f3n. No todas las familias pod\u00edan darse el lujo de tener un aparato. En cambio, casi todos los hogares contaban con radio y se conectaban con un mundo fant\u00e1stico y desconocido, por el cual val\u00eda la pena buscar se\u00f1al.<\/p>\n<p>Hab\u00eda una tranquilidad en el ambiente, parec\u00eda que la oficina que ahora se hab\u00eda convertido en una escena de recuerdos, como si se hubiera desconectado del ruido de las ambulancias, de la preocupaci\u00f3n de los pacientes y del af\u00e1n de los doctores. S\u00f3lo quedaban las palabras y la cabellera blanca que confirman lo vivido con el paso de los a\u00f1os.<\/p>\n<p>Jorge Omar Pab\u00f3n Laguado es el segundo de tres hermanos. \u201cLa mayor es mi hermana; el menor, el consentido, y el \u00fanico que pod\u00eda hacer cosas que no tuvieran nada que ver con la ni\u00f1a y con el consentido, era yo\u201d, coment\u00f3 en tono sonriente.<\/p>\n<p>En un periodo dif\u00edcil por el que atraves\u00f3 la familia, su madre no tuvo m\u00e1s remedio que dejarlo a cargo de una gran amiga, a la que Jorge le dec\u00eda abuela, mientras mejoraba la situaci\u00f3n.<\/p>\n<p>Alguien toc\u00f3 la puerta, se levant\u00f3 de la silla y recibi\u00f3 con afecto a una mujer de cabello negro liso y piel blanca, quien al entrar a la oficina coment\u00f3: \u201chagan de cuenta que no estoy aqu\u00ed\u201d. Se trataba de su esposa, quien esperaba que la charla terminara para ir a casa a descansar.<\/p>\n<p>Se acomod\u00f3 de nuevo y esta vez record\u00f3 el peor momento de su vida, el m\u00e1s triste, el m\u00e1s desgarrador, pero \u00bfqu\u00e9 en esta vida puede ser peor que la muerte del ser que te dio la vida? Cuando Jorge empez\u00f3 a estudiar medicina, no lo hizo porque su madre hubiera sido enfermera ni previendo que tal vez en un futuro la iba a cuidar, lo hizo porque se le dio la oportunidad en una realidad que no ofrece muchas oportunidades. La aprovech\u00f3 y sali\u00f3 adelante.<\/p>\n<p>Desde el primer d\u00eda am\u00f3 su profesi\u00f3n, quiz\u00e1 hab\u00eda heredado algo de la vocaci\u00f3n de su madre, sin embargo y por infortunio de la vida, tener una especializaci\u00f3n en medicina nuclear y otra como internista, no le sirvieron para detener lo inevitable, la muerte de la mam\u00e1. Record\u00f3 con dolor que un d\u00eda la escuch\u00f3 mientras oraba y le ped\u00eda a Dios con fervor que se la llevara a descansar al cielo, que en su vida terrenal con buenos actos, se hab\u00eda ganado.<\/p>\n<p>\u201cMam\u00e1 viv\u00eda conmigo y el d\u00eda que falleci\u00f3 est\u00e1bamos solos ella y yo. Sab\u00eda que ella ten\u00eda que irse, que hab\u00eda cumplido su misi\u00f3n, que ten\u00eda problemas de salud y que tarde o temprano iba a ocurrir, pero cuando uno quiere a una persona, cuando le parece hermosa, as\u00ed est\u00e9 viejita y achacada, no desea que se vaya\u201d.<\/p>\n<p>Con el pasar de los a\u00f1os ha hecho que cada minuto de su vida valga la pena. No se ha dedicado s\u00f3lo a la medicina, mantiene viva la esencia con otras labores que hacen que pueda expresar y compartir lo que siente con los dem\u00e1s. Es columnista del diario La Opini\u00f3n, donde con t\u00edtulos cortos, pero directos al grano, muestra su punto de vista sobre los acontecimientos que marcan a los ciudadanos.<\/p>\n<p>Es tambi\u00e9n profesor de medicina de la Universidad de Pamplona, quiz\u00e1 uno de los m\u00e1s queridos y que m\u00e1s amor por la profesi\u00f3n demuestra. Basta con mirarle los ojos cuando se expresa de su labor como docente para reconocer esa pasi\u00f3n y fervor que lo hacen inigualable. Seguramente, eso es lo que trasmite a los estudiantes.<\/p>\n<p>Alguien toc\u00f3 la puerta. \u201cEsp\u00e9reme aqu\u00ed sentada\u201d, dijo mientras se dirig\u00eda a la otra sala para abrir. Era una de las hijas, porque era hora de partir. Acababa otro d\u00eda laboral y comenzaba el mejor momento para un hombre familiar, el tiempo de compartir con los que se ama.<\/p>\n<p><strong>PAOLA ANDREA NOVOA<\/strong><\/p>\n<p><strong>Estudiante de Comunicaci\u00f3n Social<\/strong><\/p>\n<p><strong>Universidad de Pamplona<\/strong><\/p>\n<p><strong>Campus de Villa del Rosario<\/strong><\/p>\n<p>Foto: www.contraluzcucuta.co<\/p>\n<p>&nbsp; <\/p>\n","protected":false},"excerpt":{"rendered":"<p>C\u00daCUTA.- \u201c\u00bfTiene un regalo para m\u00ed?\u201d, fueron las primeras palabras que salieron \u00a0como si lo adivinara o lo hubiera presentido mientras extend\u00eda la mano para saludar y presentarse. Luego, se acomod\u00f3 en la silla, abri\u00f3 el computador y se prepar\u00f3 para evocar los recuerdos de toda una vida. Llevaba camisa rosada que hac\u00eda contraste con &hellip;<\/p>\n","protected":false},"author":1,"featured_media":24153,"comment_status":"open","ping_status":"open","sticky":false,"template":"","format":"standard","meta":{"footnotes":""},"categories":[17,36],"tags":[2239,2240],"class_list":["post-24152","post","type-post","status-publish","format-standard","has-post-thumbnail","hentry","category-conversaciones-a-contraluz","category-la-voz-del-pueblo","tag-jorge-omar-pabon","tag-nuclear-san-jose"],"_links":{"self":[{"href":"https:\/\/contraluzcucuta.co\/index.php?rest_route=\/wp\/v2\/posts\/24152","targetHints":{"allow":["GET"]}}],"collection":[{"href":"https:\/\/contraluzcucuta.co\/index.php?rest_route=\/wp\/v2\/posts"}],"about":[{"href":"https:\/\/contraluzcucuta.co\/index.php?rest_route=\/wp\/v2\/types\/post"}],"author":[{"embeddable":true,"href":"https:\/\/contraluzcucuta.co\/index.php?rest_route=\/wp\/v2\/users\/1"}],"replies":[{"embeddable":true,"href":"https:\/\/contraluzcucuta.co\/index.php?rest_route=%2Fwp%2Fv2%2Fcomments&post=24152"}],"version-history":[{"count":1,"href":"https:\/\/contraluzcucuta.co\/index.php?rest_route=\/wp\/v2\/posts\/24152\/revisions"}],"predecessor-version":[{"id":24154,"href":"https:\/\/contraluzcucuta.co\/index.php?rest_route=\/wp\/v2\/posts\/24152\/revisions\/24154"}],"wp:featuredmedia":[{"embeddable":true,"href":"https:\/\/contraluzcucuta.co\/index.php?rest_route=\/wp\/v2\/media\/24153"}],"wp:attachment":[{"href":"https:\/\/contraluzcucuta.co\/index.php?rest_route=%2Fwp%2Fv2%2Fmedia&parent=24152"}],"wp:term":[{"taxonomy":"category","embeddable":true,"href":"https:\/\/contraluzcucuta.co\/index.php?rest_route=%2Fwp%2Fv2%2Fcategories&post=24152"},{"taxonomy":"post_tag","embeddable":true,"href":"https:\/\/contraluzcucuta.co\/index.php?rest_route=%2Fwp%2Fv2%2Ftags&post=24152"}],"curies":[{"name":"wp","href":"https:\/\/api.w.org\/{rel}","templated":true}]}}