{"id":24149,"date":"2015-05-21T21:19:00","date_gmt":"2015-05-22T02:19:00","guid":{"rendered":"http:\/\/contraluzcucuta.co\/?p=24149"},"modified":"2015-05-25T21:23:44","modified_gmt":"2015-05-26T02:23:44","slug":"justicia-transicional-unidad-de-restitucion-iniciara-intervencion-en-los-patios","status":"publish","type":"post","link":"https:\/\/contraluzcucuta.co\/?p=24149","title":{"rendered":"JUSTICIA TRANSICIONAL. Unidad de Restituci\u00f3n Iniciar\u00e1 intervenci\u00f3n en Los Patios"},"content":{"rendered":"<p><strong>C\u00daCUTA.-<\/strong> Luego del reciente anuncio hecho por el presidente Juan Manuel Santos, en el sentido de ampliar al menos ocho \u00e1reas de intervenci\u00f3n por parte de la Unidad de Restituci\u00f3n de Tierras (URT) en el pa\u00eds, entre las que aparece la zona de El Catatumbo, la direcci\u00f3n territorial Norte de Santander adelant\u00f3 el Comit\u00e9 Operativo de Restituci\u00f3n Local y se determin\u00f3 el inicio de trabajos en el \u00e1rea urbana de Los Patios.<\/p>\n<p>En el encuentro se analizaron los informes de seguridad presentados por los representantes de la fuerza p\u00fablica en relaci\u00f3n al municipio. Los Patios, que integra el \u00c1rea Metropolitana de C\u00facuta, se suma a las otras nueve localidades de Norte de Santander que cuentan con este concepto, cinco de manera total: El Zulia, Villa del Rosario, Arboledas, Salazar de las Palmas y Cucutilla.<\/p>\n<p>La viabilidad acordada para la zona urbana del municipio permitir\u00e1 la reactivaci\u00f3n de las 24 solicitudes de restituci\u00f3n de tierras que registra esa localidad y genera esperanzas para las v\u00edctimas de abandono o desplazamiento forzado que conf\u00edan en que el proceso de restituci\u00f3n de tierras les retribuya lo perdido.<\/p>\n<p>\u201cCon la confianza dada por parte del gobierno nacional para ampliar zonas de trabajo como la de Norte de Santander, por nuestra parte seguiremos trabajando de manera local para llevar el proceso de restituci\u00f3n de tierras al departamento en que las condiciones de seguridad nos lo permitan. Invitando a todos aquellos que perdieron sus tierras a causa del conflicto, para que inicien su solicitud\u201d, indic\u00f3 el director territorial Jos\u00e9 Ren\u00e9 Garc\u00eda, quien presidi\u00f3 este comit\u00e9 antes de dejar el cargo el 15 de mayo tras la presentaci\u00f3n de la renuncia.<\/p>\n<p>\u201cEl proceso de restituci\u00f3n de tierras camina de buena forma en Norte de Santander y espero aportar al desarrollo de la regi\u00f3n desde otros frentes y asumiendo nuevos retos\u201d, dijo el hasta entonces director territorial.<\/p>\n<p>Foto: @URestitucion <\/p>\n","protected":false},"excerpt":{"rendered":"<p>C\u00daCUTA.- Luego del reciente anuncio hecho por el presidente Juan Manuel Santos, en el sentido de ampliar al menos ocho \u00e1reas de intervenci\u00f3n por parte de la Unidad de Restituci\u00f3n de Tierras (URT) en el pa\u00eds, entre las que aparece la zona de El Catatumbo, la direcci\u00f3n territorial Norte de Santander adelant\u00f3 el Comit\u00e9 Operativo &hellip;<\/p>\n","protected":false},"author":1,"featured_media":24150,"comment_status":"open","ping_status":"open","sticky":false,"template":"","format":"standard","meta":{"footnotes":""},"categories":[5,32],"tags":[669],"class_list":["post-24149","post","type-post","status-publish","format-standard","has-post-thumbnail","hentry","category-justicia-transicional","category-recorrido-por-la-region","tag-restitucion-de-tierras-en-norte-de-santander"],"_links":{"self":[{"href":"https:\/\/contraluzcucuta.co\/index.php?rest_route=\/wp\/v2\/posts\/24149","targetHints":{"allow":["GET"]}}],"collection":[{"href":"https:\/\/contraluzcucuta.co\/index.php?rest_route=\/wp\/v2\/posts"}],"about":[{"href":"https:\/\/contraluzcucuta.co\/index.php?rest_route=\/wp\/v2\/types\/post"}],"author":[{"embeddable":true,"href":"https:\/\/contraluzcucuta.co\/index.php?rest_route=\/wp\/v2\/users\/1"}],"replies":[{"embeddable":true,"href":"https:\/\/contraluzcucuta.co\/index.php?rest_route=%2Fwp%2Fv2%2Fcomments&post=24149"}],"version-history":[{"count":1,"href":"https:\/\/contraluzcucuta.co\/index.php?rest_route=\/wp\/v2\/posts\/24149\/revisions"}],"predecessor-version":[{"id":24151,"href":"https:\/\/contraluzcucuta.co\/index.php?rest_route=\/wp\/v2\/posts\/24149\/revisions\/24151"}],"wp:featuredmedia":[{"embeddable":true,"href":"https:\/\/contraluzcucuta.co\/index.php?rest_route=\/wp\/v2\/media\/24150"}],"wp:attachment":[{"href":"https:\/\/contraluzcucuta.co\/index.php?rest_route=%2Fwp%2Fv2%2Fmedia&parent=24149"}],"wp:term":[{"taxonomy":"category","embeddable":true,"href":"https:\/\/contraluzcucuta.co\/index.php?rest_route=%2Fwp%2Fv2%2Fcategories&post=24149"},{"taxonomy":"post_tag","embeddable":true,"href":"https:\/\/contraluzcucuta.co\/index.php?rest_route=%2Fwp%2Fv2%2Ftags&post=24149"}],"curies":[{"name":"wp","href":"https:\/\/api.w.org\/{rel}","templated":true}]}}