{"id":24146,"date":"2015-05-21T20:53:50","date_gmt":"2015-05-22T01:53:50","guid":{"rendered":"http:\/\/contraluzcucuta.co\/?p=24146"},"modified":"2015-05-21T20:53:50","modified_gmt":"2015-05-22T01:53:50","slug":"candidato-a-la-alcaldia-soluciones-en-salud-y-en-predial-propone-luna-a-los-cucutenos","status":"publish","type":"post","link":"https:\/\/contraluzcucuta.co\/?p=24146","title":{"rendered":"CANDIDATO A LA ALCALD\u00cdA. Soluciones en salud y en predial, propone Luna a los cucute\u00f1os"},"content":{"rendered":"<p><strong>C\u00daCUTA.-<\/strong> El primer fin de semana de los tres programados en homenaje a las madres de C\u00facuta culmin\u00f3 en la cancha del Barrio Aeropuerto con la participaci\u00f3n de cerca de 5000 mujeres de Virgilio Barco, Panamericana, San Gerardo, Camilo Daza, Las Am\u00e9ricas, Aeropuerto, Alonsito, El Salado, Colinas de la Victoria y Sevilla.<\/p>\n<p>El representante a la c\u00e1mara Wilmer Carrillo acompa\u00f1\u00f3 la jornada y felicit\u00f3 a los equipos de trabajo que respaldan la propuesta Soluciones Reales.0 \u201cCon Carlos Luna tendremos un gerente en la Alcald\u00eda de C\u00facuta, una persona con capacidades que gestione de la mano de los congresistas para hacer de C\u00facuta la ciudad que queremos los cucute\u00f1os\u201d.<\/p>\n<p>\u201cEstamos muy contentos con la gente de la Comuna 6, record\u00e1ndole que\u00a0\u00a0 hemos planteado soluciones en salud, en predial para que no quede aislado el sector del Aeropuerto y reciban inversiones importantes del municipio. Eso es entender las verdaderas necesidades de la gente y junto a William Villamizar en la Gobernaci\u00f3n va a ser una realidad\u201d, dijo Carlos Luna.<\/p>\n<p>En los \u00faltimos d\u00edas cerca de 15.000 habitantes de las\u00a0 comunas 7 y 8, en la Ciudadela Juan Atalaya, y la Comuna 6 han mostrado respaldo al proyecto pol\u00edtico para las elecciones del 25 de octubre.<\/p>\n<p>Las pr\u00f3ximas citas ser\u00e1n en la cancha de f\u00fatbol de Vallester, en el parque San Luis y en el Parque La Ceiba.<\/p>\n<p>Foto: CAMPA\u00d1A LUNA ALCALDE <\/p>\n","protected":false},"excerpt":{"rendered":"<p>C\u00daCUTA.- El primer fin de semana de los tres programados en homenaje a las madres de C\u00facuta culmin\u00f3 en la cancha del Barrio Aeropuerto con la participaci\u00f3n de cerca de 5000 mujeres de Virgilio Barco, Panamericana, San Gerardo, Camilo Daza, Las Am\u00e9ricas, Aeropuerto, Alonsito, El Salado, Colinas de la Victoria y Sevilla. El representante a &hellip;<\/p>\n","protected":false},"author":1,"featured_media":24147,"comment_status":"open","ping_status":"open","sticky":false,"template":"","format":"standard","meta":{"footnotes":""},"categories":[1728,403],"tags":[108,1592],"class_list":["post-24146","post","type-post","status-publish","format-standard","has-post-thumbnail","hentry","category-alcaldables","category-efemerides","tag-candidato-a-la-alcaldia-de-cucuta","tag-carlos-luna"],"_links":{"self":[{"href":"https:\/\/contraluzcucuta.co\/index.php?rest_route=\/wp\/v2\/posts\/24146","targetHints":{"allow":["GET"]}}],"collection":[{"href":"https:\/\/contraluzcucuta.co\/index.php?rest_route=\/wp\/v2\/posts"}],"about":[{"href":"https:\/\/contraluzcucuta.co\/index.php?rest_route=\/wp\/v2\/types\/post"}],"author":[{"embeddable":true,"href":"https:\/\/contraluzcucuta.co\/index.php?rest_route=\/wp\/v2\/users\/1"}],"replies":[{"embeddable":true,"href":"https:\/\/contraluzcucuta.co\/index.php?rest_route=%2Fwp%2Fv2%2Fcomments&post=24146"}],"version-history":[{"count":1,"href":"https:\/\/contraluzcucuta.co\/index.php?rest_route=\/wp\/v2\/posts\/24146\/revisions"}],"predecessor-version":[{"id":24148,"href":"https:\/\/contraluzcucuta.co\/index.php?rest_route=\/wp\/v2\/posts\/24146\/revisions\/24148"}],"wp:featuredmedia":[{"embeddable":true,"href":"https:\/\/contraluzcucuta.co\/index.php?rest_route=\/wp\/v2\/media\/24147"}],"wp:attachment":[{"href":"https:\/\/contraluzcucuta.co\/index.php?rest_route=%2Fwp%2Fv2%2Fmedia&parent=24146"}],"wp:term":[{"taxonomy":"category","embeddable":true,"href":"https:\/\/contraluzcucuta.co\/index.php?rest_route=%2Fwp%2Fv2%2Fcategories&post=24146"},{"taxonomy":"post_tag","embeddable":true,"href":"https:\/\/contraluzcucuta.co\/index.php?rest_route=%2Fwp%2Fv2%2Ftags&post=24146"}],"curies":[{"name":"wp","href":"https:\/\/api.w.org\/{rel}","templated":true}]}}