{"id":24120,"date":"2015-05-19T21:02:53","date_gmt":"2015-05-20T02:02:53","guid":{"rendered":"http:\/\/contraluzcucuta.co\/?p=24120"},"modified":"2015-05-21T20:28:32","modified_gmt":"2015-05-22T01:28:32","slug":"justicia-transicional-victimas-del-conflicto-conformaron-mesa-departamental","status":"publish","type":"post","link":"https:\/\/contraluzcucuta.co\/?p=24120","title":{"rendered":"JUSTICIA TRANSICIONAL. V\u00edctimas del conflicto conformaron mesa departamental"},"content":{"rendered":"<p><strong>C\u00daCUTA.-<\/strong> Delegados de las mesas municipales de las v\u00edctimas del conflicto en Norte de Santander eligieron a 19 delegados para conformar la mesa departamental de participaci\u00f3n efectiva. Los enfoques representados son los de adulto mayor, mujer, j\u00f3venes, discapacidad y LGBTI. Igualmente, para hechos victimizantes de violencia sexual, contra la integridad f\u00edsica o psicol\u00f3gica y contra la vida y la libertad.<\/p>\n<p>El acto democr\u00e1tico se cumpli\u00f3 en el coliseo del colegio Sagrado Coraz\u00f3n de Jes\u00fas. La direcci\u00f3n y el acompa\u00f1amiento estuvieron a cargo de la Secretar\u00eda de V\u00edctimas, la Defensor\u00eda del Pueblo y la Unidad para la Atenci\u00f3n y Reparaci\u00f3n Integral a las V\u00edctimas.<\/p>\n<p>Tambi\u00e9n, se conform\u00f3 la organizaci\u00f3n defensora de v\u00edctimas, que participar\u00e1 con voz, pero no con voto, en la mesa. La Fundaci\u00f3n por la Defensa de los Derechos Humanos y Derecho Internacional Humanitario del Oriente y Centro de Colombia (DHOC) fue la favorecida con el respaldo popular.<\/p>\n<p>La mesa departamental escogi\u00f3 los delegados para los comit\u00e9s que por un periodo de dos a\u00f1os representar\u00e1n a la poblaci\u00f3n v\u00edctima del conflicto en los espacios donde se requiera en los \u00e1mbitos nacional, territorial y municipal.<\/p>\n<p>Como garantes del proceso electoral estuvieron los delegados de la Registradur\u00eda Nacional, Jorge Enrique Silva, y Cristian Piraquive; el Defensor de Pueblo, William Eduardo Tarazona, el Secretario de V\u00edctimas del Departamento, Luis Fernando Ni\u00f1o, y la directora de la Unidad Regional de V\u00edctimas de Norte de Santander y Arauca, Carmen Echaves.<\/p>\n<p>Las mesas quedaron conformadas por enfoques diferenciales de la siguiente manera:<\/p>\n<p>1 &#8211; Hechos victimizantes por los delitos contra la vida y la libertad, dos representantes.<\/p>\n<p>2 &#8211; Hechos victimizantes para delitos contra la integridad f\u00edsica\u00a0 o Psicol\u00f3gica, dos representantes.<\/p>\n<p>3- Hechos victimizantes\u00a0 de violencia Sexual, dos representantes.<\/p>\n<p>4 &#8211; Hechos victimizantes por Desplazamiento Forzado, ocho representantes.<\/p>\n<p>5 &#8211; Delegados municipales por el enfoque diferencial de la comunidad LGTBI, un delegado.<\/p>\n<p>6 &#8211; Delegados municipales por el enfoque diferencial Mujer, un delegado.<\/p>\n<p>7 &#8211; Delegados por enfoque diferencial de J\u00f3venes, un representante.<\/p>\n<p>8 &#8211; El enfoque diferencial de Persona Mayor, un delegado.<\/p>\n<p>9 &#8211; Enfoque diferencial de Discapacitados, un representante.<\/p>\n<p>Las comunidades ind\u00edgenas no asistieron a la jornada, mientras que la participaci\u00f3n de las comunidades afro en la primera convocatoria fue casi nula.<\/p>\n<p>Foto: www.contraluzcucuta.co <\/p>\n","protected":false},"excerpt":{"rendered":"<p>C\u00daCUTA.- Delegados de las mesas municipales de las v\u00edctimas del conflicto en Norte de Santander eligieron a 19 delegados para conformar la mesa departamental de participaci\u00f3n efectiva. Los enfoques representados son los de adulto mayor, mujer, j\u00f3venes, discapacidad y LGBTI. Igualmente, para hechos victimizantes de violencia sexual, contra la integridad f\u00edsica o psicol\u00f3gica y contra &hellip;<\/p>\n","protected":false},"author":1,"featured_media":24121,"comment_status":"open","ping_status":"open","sticky":false,"template":"","format":"standard","meta":{"footnotes":""},"categories":[5,32],"tags":[157,2231],"class_list":["post-24120","post","type-post","status-publish","format-standard","has-post-thumbnail","hentry","category-justicia-transicional","category-recorrido-por-la-region","tag-justicia-transicional-2","tag-mesa-departamental-de-victimas"],"_links":{"self":[{"href":"https:\/\/contraluzcucuta.co\/index.php?rest_route=\/wp\/v2\/posts\/24120","targetHints":{"allow":["GET"]}}],"collection":[{"href":"https:\/\/contraluzcucuta.co\/index.php?rest_route=\/wp\/v2\/posts"}],"about":[{"href":"https:\/\/contraluzcucuta.co\/index.php?rest_route=\/wp\/v2\/types\/post"}],"author":[{"embeddable":true,"href":"https:\/\/contraluzcucuta.co\/index.php?rest_route=\/wp\/v2\/users\/1"}],"replies":[{"embeddable":true,"href":"https:\/\/contraluzcucuta.co\/index.php?rest_route=%2Fwp%2Fv2%2Fcomments&post=24120"}],"version-history":[{"count":1,"href":"https:\/\/contraluzcucuta.co\/index.php?rest_route=\/wp\/v2\/posts\/24120\/revisions"}],"predecessor-version":[{"id":24122,"href":"https:\/\/contraluzcucuta.co\/index.php?rest_route=\/wp\/v2\/posts\/24120\/revisions\/24122"}],"wp:featuredmedia":[{"embeddable":true,"href":"https:\/\/contraluzcucuta.co\/index.php?rest_route=\/wp\/v2\/media\/24121"}],"wp:attachment":[{"href":"https:\/\/contraluzcucuta.co\/index.php?rest_route=%2Fwp%2Fv2%2Fmedia&parent=24120"}],"wp:term":[{"taxonomy":"category","embeddable":true,"href":"https:\/\/contraluzcucuta.co\/index.php?rest_route=%2Fwp%2Fv2%2Fcategories&post=24120"},{"taxonomy":"post_tag","embeddable":true,"href":"https:\/\/contraluzcucuta.co\/index.php?rest_route=%2Fwp%2Fv2%2Ftags&post=24120"}],"curies":[{"name":"wp","href":"https:\/\/api.w.org\/{rel}","templated":true}]}}