{"id":24117,"date":"2015-05-19T20:44:08","date_gmt":"2015-05-20T01:44:08","guid":{"rendered":"http:\/\/contraluzcucuta.co\/?p=24117"},"modified":"2015-05-19T20:44:08","modified_gmt":"2015-05-20T01:44:08","slug":"candidato-a-la-alcaldia-su-apoyo-nos-anima-a-seguir-adelante-luna","status":"publish","type":"post","link":"https:\/\/contraluzcucuta.co\/?p=24117","title":{"rendered":"CANDIDATO A LA ALCALD\u00cdA. \u201cSu apoyo nos anima a seguir adelante\u201d: Luna"},"content":{"rendered":"<p><strong>C\u00daCUTA.-<\/strong> Carlos Luna y William Villamizar compartieron con los residentes de la Comuna 8, en la segunda celebraci\u00f3n programada en la zona urbana en homenaje a las madres. Los acompa\u00f1aron congresistas, diputados, concejales y candidatos a la Asamblea y el Concejo por los partidos Liberal y de la U.<\/p>\n<p>Las madres de los barrios Antonia Santos, Palmeras, Cerro Pico, Atalaya I, II y III etapas, C\u00facuta 75, Los Almendros, Carlos Ram\u00edrez Par\u00eds, Do\u00f1a Nidia, La Victoria, Kennedy y El Rodeo estuvieron atentas a los planteamientos de los candidatos y reconocieron la importancia de gestionar obras de alto impacto que se traduzcan en nuevas fuentes de empleo.<\/p>\n<p>Luna agradeci\u00f3 el respaldo de los m\u00e1s de 5000 asistentes a la jornada. \u201cM\u00e1s que un acto pol\u00edtico esta es una fiesta y un reconocimiento a las madres que nos permiten llevar nuestra propuesta a cada hogar. Su apoyo nos anima a seguir adelante para hacer realidad iniciativas que trasformen a C\u00facuta\u201d.<\/p>\n<p>El senador Manuel Guillermo Mora record\u00f3 la importancia de trabajar de la mano, comprometiendo recursos que se traduzcan en oportunidades para las familias cucute\u00f1as.<\/p>\n<p>\u201cCon Carlos Luna como Alcalde y William Villamizar como Gobernador lograremos traer inversiones importantes para hacer realidad proyectos de alto impacto, dando continuidad a iniciativas como el Acueducto Metropolitano y convocando a la empresa privada para generar puestos de empleo, eso es construir regi\u00f3n\u201d, dijo Mora.<\/p>\n<p>Foto: PRENSA DE LA CAMPA\u00d1A <\/p>\n","protected":false},"excerpt":{"rendered":"<p>C\u00daCUTA.- Carlos Luna y William Villamizar compartieron con los residentes de la Comuna 8, en la segunda celebraci\u00f3n programada en la zona urbana en homenaje a las madres. Los acompa\u00f1aron congresistas, diputados, concejales y candidatos a la Asamblea y el Concejo por los partidos Liberal y de la U. Las madres de los barrios Antonia &hellip;<\/p>\n","protected":false},"author":1,"featured_media":24118,"comment_status":"open","ping_status":"open","sticky":false,"template":"","format":"standard","meta":{"footnotes":""},"categories":[1728,403],"tags":[108,1592],"class_list":["post-24117","post","type-post","status-publish","format-standard","has-post-thumbnail","hentry","category-alcaldables","category-efemerides","tag-candidato-a-la-alcaldia-de-cucuta","tag-carlos-luna"],"_links":{"self":[{"href":"https:\/\/contraluzcucuta.co\/index.php?rest_route=\/wp\/v2\/posts\/24117","targetHints":{"allow":["GET"]}}],"collection":[{"href":"https:\/\/contraluzcucuta.co\/index.php?rest_route=\/wp\/v2\/posts"}],"about":[{"href":"https:\/\/contraluzcucuta.co\/index.php?rest_route=\/wp\/v2\/types\/post"}],"author":[{"embeddable":true,"href":"https:\/\/contraluzcucuta.co\/index.php?rest_route=\/wp\/v2\/users\/1"}],"replies":[{"embeddable":true,"href":"https:\/\/contraluzcucuta.co\/index.php?rest_route=%2Fwp%2Fv2%2Fcomments&post=24117"}],"version-history":[{"count":1,"href":"https:\/\/contraluzcucuta.co\/index.php?rest_route=\/wp\/v2\/posts\/24117\/revisions"}],"predecessor-version":[{"id":24119,"href":"https:\/\/contraluzcucuta.co\/index.php?rest_route=\/wp\/v2\/posts\/24117\/revisions\/24119"}],"wp:featuredmedia":[{"embeddable":true,"href":"https:\/\/contraluzcucuta.co\/index.php?rest_route=\/wp\/v2\/media\/24118"}],"wp:attachment":[{"href":"https:\/\/contraluzcucuta.co\/index.php?rest_route=%2Fwp%2Fv2%2Fmedia&parent=24117"}],"wp:term":[{"taxonomy":"category","embeddable":true,"href":"https:\/\/contraluzcucuta.co\/index.php?rest_route=%2Fwp%2Fv2%2Fcategories&post=24117"},{"taxonomy":"post_tag","embeddable":true,"href":"https:\/\/contraluzcucuta.co\/index.php?rest_route=%2Fwp%2Fv2%2Ftags&post=24117"}],"curies":[{"name":"wp","href":"https:\/\/api.w.org\/{rel}","templated":true}]}}