{"id":24111,"date":"2015-05-19T20:17:55","date_gmt":"2015-05-20T01:17:55","guid":{"rendered":"http:\/\/contraluzcucuta.co\/?p=24111"},"modified":"2015-05-19T20:17:55","modified_gmt":"2015-05-20T01:17:55","slug":"campana-a-la-alcaldia-entrena-recorrio-barrios-del-occidente-cucuteno","status":"publish","type":"post","link":"https:\/\/contraluzcucuta.co\/?p=24111","title":{"rendered":"CAMPA\u00d1A A LA ALCALD\u00cdA. \u00a0Entrena recorri\u00f3 barrios del occidente cucute\u00f1o"},"content":{"rendered":"<p><strong>C\u00daCUTA.-<\/strong> El Centro Democr\u00e1tico contin\u00faa los recorridos por los barrios de C\u00facuta. Las comunidades de los barrios Rodeo, Bel\u00e9n y Minuto de Dios fueron visitados por los candidatos a la Gobernaci\u00f3n de Norte de Santander, Milla Romero, y a la Alcald\u00eda de C\u00facuta, Sergio Entrena.<\/p>\n<p>Los aspirantes compartieron un espacio de esparcimiento y di\u00e1logo con los habitantes, de acuerdo con el trabajo de relaci\u00f3n directa y permanente desarrollada hasta el momento.<\/p>\n<p>Las madres, los ni\u00f1os y la din\u00e1mica familiar son uno de los principales retos para Romero y Entrena, quienes dentro de la construcci\u00f3n de los proyectos pol\u00edticos tienen como eje principal el desarrollo humano, enfocado en la familia y la inclusi\u00f3n de las madres cabeza de hogar al mercado laboral, de manera que se les permita trabajar sin dejar de lado la maternidad.<\/p>\n<p>De esta manera los candidatos ratifican el compromiso con la ciudad, especialmente con los barrios vulnerables.<\/p>\n<p>Foto: PRENSA DE LA CAMPA\u00d1A <\/p>\n","protected":false},"excerpt":{"rendered":"<p>C\u00daCUTA.- El Centro Democr\u00e1tico contin\u00faa los recorridos por los barrios de C\u00facuta. Las comunidades de los barrios Rodeo, Bel\u00e9n y Minuto de Dios fueron visitados por los candidatos a la Gobernaci\u00f3n de Norte de Santander, Milla Romero, y a la Alcald\u00eda de C\u00facuta, Sergio Entrena. Los aspirantes compartieron un espacio de esparcimiento y di\u00e1logo con &hellip;<\/p>\n","protected":false},"author":1,"featured_media":24112,"comment_status":"open","ping_status":"open","sticky":false,"template":"","format":"standard","meta":{"footnotes":""},"categories":[1728,403],"tags":[108,1100,2191,2230],"class_list":["post-24111","post","type-post","status-publish","format-standard","has-post-thumbnail","hentry","category-alcaldables","category-efemerides","tag-candidato-a-la-alcaldia-de-cucuta","tag-centro-democratico","tag-milla-romero","tag-sergio-entrena"],"_links":{"self":[{"href":"https:\/\/contraluzcucuta.co\/index.php?rest_route=\/wp\/v2\/posts\/24111","targetHints":{"allow":["GET"]}}],"collection":[{"href":"https:\/\/contraluzcucuta.co\/index.php?rest_route=\/wp\/v2\/posts"}],"about":[{"href":"https:\/\/contraluzcucuta.co\/index.php?rest_route=\/wp\/v2\/types\/post"}],"author":[{"embeddable":true,"href":"https:\/\/contraluzcucuta.co\/index.php?rest_route=\/wp\/v2\/users\/1"}],"replies":[{"embeddable":true,"href":"https:\/\/contraluzcucuta.co\/index.php?rest_route=%2Fwp%2Fv2%2Fcomments&post=24111"}],"version-history":[{"count":1,"href":"https:\/\/contraluzcucuta.co\/index.php?rest_route=\/wp\/v2\/posts\/24111\/revisions"}],"predecessor-version":[{"id":24113,"href":"https:\/\/contraluzcucuta.co\/index.php?rest_route=\/wp\/v2\/posts\/24111\/revisions\/24113"}],"wp:featuredmedia":[{"embeddable":true,"href":"https:\/\/contraluzcucuta.co\/index.php?rest_route=\/wp\/v2\/media\/24112"}],"wp:attachment":[{"href":"https:\/\/contraluzcucuta.co\/index.php?rest_route=%2Fwp%2Fv2%2Fmedia&parent=24111"}],"wp:term":[{"taxonomy":"category","embeddable":true,"href":"https:\/\/contraluzcucuta.co\/index.php?rest_route=%2Fwp%2Fv2%2Fcategories&post=24111"},{"taxonomy":"post_tag","embeddable":true,"href":"https:\/\/contraluzcucuta.co\/index.php?rest_route=%2Fwp%2Fv2%2Ftags&post=24111"}],"curies":[{"name":"wp","href":"https:\/\/api.w.org\/{rel}","templated":true}]}}