{"id":24105,"date":"2015-05-19T19:11:02","date_gmt":"2015-05-20T00:11:02","guid":{"rendered":"http:\/\/contraluzcucuta.co\/?p=24105"},"modified":"2015-05-21T20:02:37","modified_gmt":"2015-05-22T01:02:37","slug":"conversaciones-a-contraluz-la-vida-me-alcanzara-para-ser-general","status":"publish","type":"post","link":"https:\/\/contraluzcucuta.co\/?p=24105","title":{"rendered":"CONVERSACIONES A CONTRALUZ. \u201cLa vida me alcanzar\u00e1 para ser general\u201d"},"content":{"rendered":"<p><strong>C\u00daCUTA.-<\/strong> Naci\u00f3 en Rovira, pero vive en C\u00facuta; no es hincha del Tolima, sino de Millonarios; a pesar de que lo obligaban a escuchar la m\u00fasica de Silva y Villalba, no canta ni en la ducha, y por m\u00e1s que lleve uniforme durante el d\u00eda, en la casa manda la esposa. Tiene dos sue\u00f1os por cumplir, uno en la instituci\u00f3n y otro en el hogar. As\u00ed es John Aroca, el hombre que le sigui\u00f3 los pasos al pap\u00e1 y que ahora es el\u00a0 comandante del Departamento de Polic\u00eda Norte de Santander, con el grado de coronel.<\/p>\n<p>\u201cSoy tolimense de un pueblo que se llama Rovira. Ingres\u00e9 a la instituci\u00f3n en enero de 1989, estoy en el a\u00f1o 27 de servicio\u201d. Esa es la carta de presentaci\u00f3n de este padre normal de dos hijos, que por ahora no han expresado la intenci\u00f3n de heredar el oficio, sino que piensan en ser ingeniero, el mayor, y futbolista del Barcelona, el menor.<\/p>\n<p>\u201cMi pap\u00e1 fue polic\u00eda, suboficial. Pr\u00e1cticamente nac\u00ed dentro de la instituci\u00f3n\u201d. Esa forma de vida le permiti\u00f3 crecer de municipio en municipio. Tiene amigos \u00a0en cada lugar por d\u00f3nde pas\u00f3, incluido Bogot\u00e1, la \u00faltima estaci\u00f3n de la traves\u00eda familiar.<\/p>\n<p>En la adolescencia no tuvo tiempo para ser rebelde, para llevar el cabello largo, para vestir distinto, porque del colegio sali\u00f3 directo para la instituci\u00f3n. \u201cNo me falt\u00f3 ninguna parte por vivir en esa etapa\u201d. A los 21 a\u00f1os era subteniente. Las situaciones que experiment\u00f3 fueron diferentes a las de los muchachos corrientes, porque los grados de madurez se los aligeraron un poquito. Ahora, piensa que mientras se viva a plenitud lo que hace, no es necesario que todos vivan lo mismo.<\/p>\n<p>La Polic\u00eda le dio la oportunidad de estar en la universidad y alcanz\u00f3 el t\u00edtulo de administrador de empresas, m\u00e1s un a\u00f1o escolarizado sobre pedagog\u00eda para ser instructor de las escuelas. Era teniente. \u201cNo he saltado ninguna etapa, ni me ha hecho falta ninguna\u201d.<\/p>\n<p>Otros de sus gustos es la ingenier\u00eda de sistemas. \u201cSoy gomoso\u201d. Entr\u00f3 a estudiar esa carrera y nunca la termin\u00f3. De pronto culminar\u00e1 esos estudios, aunque no lo ha pensado en serio, porque queda medio camino para recorrer. Mejor se queda con la satisfacci\u00f3n de ser polic\u00eda.<\/p>\n<p>Casi todas las actividades emprendidas con el uniforme han estado enfocadas en la lucha contra el secuestro y la extorsi\u00f3n. \u201cEntregar un secuestrado a la familia es una de las satisfacciones m\u00e1s grandes que uno siente en la vida\u201d. Y si el liberado es un ni\u00f1o, es mayor todav\u00eda. Esos sentimientos no los alcanza a describir. \u00a0Ha estado, en casi todos los esca\u00f1os, vinculado a la especialidad, y eso le ha dado satisfacci\u00f3n.<\/p>\n<p>Para el comandante de la Polic\u00eda Norte de Santander, el departamento no le es desconocido. Hace 10 a\u00f1os estaba en C\u00facuta al frente del grupo antisecuestro. Era mayor. \u201cConozco casi todos los 40 municipios. Hay una simbiosis en El Catatumbo, que lleva a que la seguridad sea diferente por la presencia de grupos guerrilleros, narcotr\u00e1fico y contrabando. Eso propicia que las condiciones de seguridad sean diferentes al resto del departamento.<\/p>\n<p>Las veces que ha estado en vigilancia, al servicio de la comunidad, las considera como la recompensa que se gana por ser polic\u00eda. En la otra orilla est\u00e1n las frustraciones, que se viven \u00a0cu\u00e1ndo le matan a un agente. Esa es de las historias tristes que soportan los comandantes, porque van haciendo lazos diferentes, no laborales, de hermandad. \u201cUno siente, sufre y vive por lo que hacen sus hombres. La muerte violenta de los polic\u00edas es dura\u201d.<\/p>\n<p>Si un hombre que toma la Polic\u00eda como forma de vida sufre para llegar a ser coronel, debi\u00f3 retirarse hace rato. A esa conclusi\u00f3n lleg\u00f3 despu\u00e9s de analizar el trascurrir del tiempo y de haber escalado hasta esa posici\u00f3n. \u201cHay momentos dif\u00edciles, de presi\u00f3n institucional, social y de los medios, pero es la din\u00e1mica. Si a uno le parece dif\u00edcil eso se tuvo que haber retirado antes\u201d. Lo dijo y qued\u00f3 serio. En seguida sentenci\u00f3 que a\u00fan no ha pensado en el retiro, aunque cree que va a llegar el momento. \u201cTodav\u00eda no lo he pensado y me puso a pensar en eso\u201d.<\/p>\n<p>El coronel Aroca no sabe de qu\u00e9 se pierde un hombre por estar en la vida institucional. Sabr\u00eda decir \u00a0qu\u00e9 gana. Gana recompensa por su labor y \u00a0gana muchos amigos y algunos detractores. \u201cLa sensaci\u00f3n del servicio bien prestado es gratificante. A veces esos reconocimientos llenan m\u00e1s que cualquier otro aspecto\u201d.<\/p>\n<p>Para alcanzar esos aplausos debe ser consciente de que el polic\u00eda es institucional y todo acto que haga no lo hace el civil, sino el uniformado. \u201cTiene que ser consecuente con lo que piensa, habla y act\u00faa y con lo que escogi\u00f3 ser. El d\u00eda que considere que no puede hacerlo m\u00e1s debe dar un paso al costado\u201d.<\/p>\n<p>El proceso de trasformaci\u00f3n de los esquemas mentales que se ten\u00edan para imponer autoridad ha cambiado. Ahora, no inspira mayor respeto el \u00a0que m\u00e1s grite o el que m\u00e1s sancione. A veces, se confunde el car\u00e1cter con la soberbia. Sin rayar en los extremos, cree que en estos momentos es f\u00e1cil que lo escuchen sin necesidad de humillar.<\/p>\n<p>La ambici\u00f3n de todo oficial es ser comandante de departamento, sue\u00f1o cumplido para el coronel Aroca. Luego, ser general, espera que lo llamen para el curso que le permitir\u00e1 cambiar de las hombreras las tres barras y dos ramas de laurel por las estrellas. Despu\u00e9s, \u00a0ser director general. \u201cClaro que me va a alcanzar la vida. Son los ideales que se pone uno cuando se est\u00e1 en la instituci\u00f3n\u201d. Esto es lo que piensa para el futuro; sin embargo, sabe que las condiciones familiares pueden cambiar esas expectativas.<\/p>\n<p>En el hogar, John Aroca no act\u00faa como coronel. \u201cNo, la que manda es mi mujer\u201d. Est\u00e1n a punto de cumplir 19 a\u00f1os de casados y los dos hijos, uno en la adolescencia y otro en la infancia, lo ven como el pap\u00e1 normal. \u201cSi alguno querr\u00eda en alg\u00fan momento ser polic\u00eda habr\u00e1 que apoyarlo\u201d. El menor, que por ahora piensa que ser\u00e1 futbolista,\u00a0 no ha escogido ni al Tolima ni al C\u00facuta Deportivo. Se ve vestido de azulgrana.<\/p>\n<p>En el closet de la casa guarda alrededor de 20 uniformes, contra dos vestidos de pa\u00f1o que no ha tenido la oportunidad de lucir en C\u00facuta. Est\u00e1 seguro de que la autoridad es directa a lo que se hace y no depende del uniforme. \u201cMi sue\u00f1o grande es que mis hijos puedan desarrollarse profesionalmente y sean hombres de bien\u201d.<\/p>\n<p><strong>RAFAEL ANTONIO PAB\u00d3N<\/strong><\/p>\n<p><strong><a href=\"mailto:rafaelpabon58@hotmail.com\">rafaelpabon58@hotmail.com<\/a><\/strong><\/p>\n<p><strong>Foto: Sargento Nelson Fl\u00f3rez<\/strong><\/p>\n<p><strong>\u00a0<\/strong> <\/p>\n","protected":false},"excerpt":{"rendered":"<p>C\u00daCUTA.- Naci\u00f3 en Rovira, pero vive en C\u00facuta; no es hincha del Tolima, sino de Millonarios; a pesar de que lo obligaban a escuchar la m\u00fasica de Silva y Villalba, no canta ni en la ducha, y por m\u00e1s que lleve uniforme durante el d\u00eda, en la casa manda la esposa. Tiene dos sue\u00f1os por &hellip;<\/p>\n","protected":false},"author":1,"featured_media":24106,"comment_status":"open","ping_status":"open","sticky":false,"template":"","format":"standard","meta":{"footnotes":""},"categories":[17,36],"tags":[201,2228],"class_list":["post-24105","post","type-post","status-publish","format-standard","has-post-thumbnail","hentry","category-conversaciones-a-contraluz","category-la-voz-del-pueblo","tag-comandante-de-la-policia-norte-de-santander","tag-coronel-john-aroca"],"_links":{"self":[{"href":"https:\/\/contraluzcucuta.co\/index.php?rest_route=\/wp\/v2\/posts\/24105","targetHints":{"allow":["GET"]}}],"collection":[{"href":"https:\/\/contraluzcucuta.co\/index.php?rest_route=\/wp\/v2\/posts"}],"about":[{"href":"https:\/\/contraluzcucuta.co\/index.php?rest_route=\/wp\/v2\/types\/post"}],"author":[{"embeddable":true,"href":"https:\/\/contraluzcucuta.co\/index.php?rest_route=\/wp\/v2\/users\/1"}],"replies":[{"embeddable":true,"href":"https:\/\/contraluzcucuta.co\/index.php?rest_route=%2Fwp%2Fv2%2Fcomments&post=24105"}],"version-history":[{"count":1,"href":"https:\/\/contraluzcucuta.co\/index.php?rest_route=\/wp\/v2\/posts\/24105\/revisions"}],"predecessor-version":[{"id":24107,"href":"https:\/\/contraluzcucuta.co\/index.php?rest_route=\/wp\/v2\/posts\/24105\/revisions\/24107"}],"wp:featuredmedia":[{"embeddable":true,"href":"https:\/\/contraluzcucuta.co\/index.php?rest_route=\/wp\/v2\/media\/24106"}],"wp:attachment":[{"href":"https:\/\/contraluzcucuta.co\/index.php?rest_route=%2Fwp%2Fv2%2Fmedia&parent=24105"}],"wp:term":[{"taxonomy":"category","embeddable":true,"href":"https:\/\/contraluzcucuta.co\/index.php?rest_route=%2Fwp%2Fv2%2Fcategories&post=24105"},{"taxonomy":"post_tag","embeddable":true,"href":"https:\/\/contraluzcucuta.co\/index.php?rest_route=%2Fwp%2Fv2%2Ftags&post=24105"}],"curies":[{"name":"wp","href":"https:\/\/api.w.org\/{rel}","templated":true}]}}