{"id":24056,"date":"2015-05-10T20:44:33","date_gmt":"2015-05-11T01:44:33","guid":{"rendered":"http:\/\/contraluzcucuta.co\/?p=24056"},"modified":"2015-05-19T21:08:29","modified_gmt":"2015-05-20T02:08:29","slug":"desde-afuera-a-este-ingeniero-algun-dejo-lo-pone-al-descubierto-como-cucuteno","status":"publish","type":"post","link":"https:\/\/contraluzcucuta.co\/?p=24056","title":{"rendered":"DESDE AFUERA. A este ingeniero alg\u00fan dejo lo pone al descubierto como cucute\u00f1o"},"content":{"rendered":"<p>Guillermo Aponte tiene\u00a0 34 a\u00f1os y desde 1999 dej\u00f3 el Barrio Blanco por razones privadas y se fue a vivir al exterior. Es ingeniero en sistemas y en la lejan\u00eda extra\u00f1a a la gente, el ambiente y el calor que dej\u00f3 en C\u00facuta. Vive en Estocolmo, ciudad\u00a0 extremadamente organizada y segura, entre otras bondades.<\/p>\n<p>Le ha ido m\u00e1s o menos con la comida y encuentra grandes diferencias entre las dos ciudades. \u201cSon totalmente distintas\u201d. Si pudiera traer\u00eda aspectos financieros para adaptarlos a la capital de Norte de Santander. Est\u00e1 seguro de que C\u00facuta podr\u00eda alcanzar ese nivel de desarrollo de Estocolmo, porque \u201ctodo se puede en esta vida\u201d. Habr\u00eda que emprender muchos cambios y tomar muchas medidas.<\/p>\n<p>Los momentos m\u00e1s dif\u00edciles de la estad\u00eda en ese lugar los vivi\u00f3 al principio al empezar a adaptarse a una nueva cultura y nuevas\u00a0 costumbres. Y la felicidad la ha conocido con todos los logros en la vida tanto personal como profesional.<\/p>\n<p>Cuando la temperatura se pone a menos 20 grados cent\u00edgrados piensa que es el instante preciso para devolverse. Luego desiste y contin\u00faa la vida normal. En esa cotidianidad debe asimilar que la imagen de Colombia, infortunadamente, qued\u00f3 estancada en los recuerdos de las d\u00e9cadas de los 80 y los 90, cuando el pa\u00eds estaba mal por los problemas originados por la droga, los carteles y la inseguridad. \u201cEs algo muy dif\u00edcil de cambiar\u201d.<\/p>\n<p>De C\u00facuta como ciudad no saben mucho en Estocolmo. Aunque ha trasmitido el calor cucute\u00f1o con alegr\u00eda, humor y diversi\u00f3n. No est\u00e1 seguro de cu\u00e1nto tiempo estar\u00e1 por fuera de C\u00facuta, pero le gustar\u00eda que al regresar la ciudad estuviera desarrollada, segura y organizada.<\/p>\n<p>Hay algunas comparaciones entre los gobernantes de all\u00e1 y los de ac\u00e1. La diferencia es que Suecia es un pa\u00eds monarca y Colombia presidencialista. No tiene mucho contacto C\u00facuta para enterarse de lo que sucede ac\u00e1. Le gusta estar enterado de lo que le ocurre a la familia. Para eso se conecta a Facebook. En cambio del pa\u00eds s\u00ed est\u00e1 pendiente. \u201cNo he vivido en Colombia hace muchos a\u00f1os\u201d.<\/p>\n<p>No tiene un distintivo rojinegro para identificarse como cucute\u00f1o, solo uno que otro dejo que se le sale de vez en cuando, porque ha perdido mucho de esas expresiones propias de la tierra natal.<\/p>\n<p>Nostalgia, alegr\u00eda y anhelos por volver son los sentimientos que se le revuelven cuando escucha alguna canci\u00f3n colombiana. En los tiempos libres se entrena en el baile y va a cine. Al principio se sent\u00eda raro con la diferencia horaria, \u201cespecialmente, porque ac\u00e1 tenemos que a la mitad del verano, m\u00e1s o menos a mitad del a\u00f1o, no oscurece y al final de a\u00f1o no amanece. Igual uno se acostumbra\u201d.<\/p>\n<p>El recuerdo que mayor emoci\u00f3n le causa al pensar en C\u00facuta es cuando iba en la secundaria y se la pasaba con los amigos.<\/p>\n<p><strong>RAFAEL ANTONIO PAB\u00d3N<\/strong><\/p>\n<p><strong><a href=\"mailto:rafaelpabon58@hotmail.com\">rafaelpabon58@hotmail.com<\/a><\/strong><\/p>\n<p><strong>Foto: \u00c1LBUN PERSONAL<\/strong><\/p>\n<p>&nbsp;<\/p>\n<p>&nbsp; <\/p>\n","protected":false},"excerpt":{"rendered":"<p>Guillermo Aponte tiene\u00a0 34 a\u00f1os y desde 1999 dej\u00f3 el Barrio Blanco por razones privadas y se fue a vivir al exterior. Es ingeniero en sistemas y en la lejan\u00eda extra\u00f1a a la gente, el ambiente y el calor que dej\u00f3 en C\u00facuta. Vive en Estocolmo, ciudad\u00a0 extremadamente organizada y segura, entre otras bondades. Le &hellip;<\/p>\n","protected":false},"author":1,"featured_media":24057,"comment_status":"open","ping_status":"open","sticky":false,"template":"","format":"standard","meta":{"footnotes":""},"categories":[45,168],"tags":[2089,2217],"class_list":["post-24056","post","type-post","status-publish","format-standard","has-post-thumbnail","hentry","category-destacado","category-los-que-estan-afuera","tag-desde-afuera","tag-guillermo-aponte"],"_links":{"self":[{"href":"https:\/\/contraluzcucuta.co\/index.php?rest_route=\/wp\/v2\/posts\/24056","targetHints":{"allow":["GET"]}}],"collection":[{"href":"https:\/\/contraluzcucuta.co\/index.php?rest_route=\/wp\/v2\/posts"}],"about":[{"href":"https:\/\/contraluzcucuta.co\/index.php?rest_route=\/wp\/v2\/types\/post"}],"author":[{"embeddable":true,"href":"https:\/\/contraluzcucuta.co\/index.php?rest_route=\/wp\/v2\/users\/1"}],"replies":[{"embeddable":true,"href":"https:\/\/contraluzcucuta.co\/index.php?rest_route=%2Fwp%2Fv2%2Fcomments&post=24056"}],"version-history":[{"count":1,"href":"https:\/\/contraluzcucuta.co\/index.php?rest_route=\/wp\/v2\/posts\/24056\/revisions"}],"predecessor-version":[{"id":24058,"href":"https:\/\/contraluzcucuta.co\/index.php?rest_route=\/wp\/v2\/posts\/24056\/revisions\/24058"}],"wp:featuredmedia":[{"embeddable":true,"href":"https:\/\/contraluzcucuta.co\/index.php?rest_route=\/wp\/v2\/media\/24057"}],"wp:attachment":[{"href":"https:\/\/contraluzcucuta.co\/index.php?rest_route=%2Fwp%2Fv2%2Fmedia&parent=24056"}],"wp:term":[{"taxonomy":"category","embeddable":true,"href":"https:\/\/contraluzcucuta.co\/index.php?rest_route=%2Fwp%2Fv2%2Fcategories&post=24056"},{"taxonomy":"post_tag","embeddable":true,"href":"https:\/\/contraluzcucuta.co\/index.php?rest_route=%2Fwp%2Fv2%2Ftags&post=24056"}],"curies":[{"name":"wp","href":"https:\/\/api.w.org\/{rel}","templated":true}]}}