{"id":24047,"date":"2015-05-10T18:55:50","date_gmt":"2015-05-10T23:55:50","guid":{"rendered":"http:\/\/contraluzcucuta.co\/?p=24047"},"modified":"2015-05-10T18:55:50","modified_gmt":"2015-05-10T23:55:50","slug":"opinion-jueces-de-la-dignidad","status":"publish","type":"post","link":"https:\/\/contraluzcucuta.co\/?p=24047","title":{"rendered":"OPINI\u00d3N. \u00bfJueces de la dignidad?"},"content":{"rendered":"<p>En los tiempos en que se habla de reconciliaci\u00f3n, parecer\u00eda casi imposible imaginar la existencia de hermanos nuestros que fungen como jueces de la dignidad y con sus actitudes hacen que recordemos historias de acontecimientos que casi han quedado borrados de la memoria colectiva a causa de la insensibilidad humana que hoy prevalece.<\/p>\n<p>Es el caso de aquel l\u00edder cartagenero, un hijo de las clases populares que se desempe\u00f1aba como bracero en la terminal mar\u00edtima, quien movido por su esp\u00edritu de crecimiento personal se dedic\u00f3 a su formaci\u00f3n como autodidacta, logrando con ello escalar importantes posiciones a nivel de la dirigencia sindical de la naci\u00f3n. Este humilde hombre se hizo popular entre las clases trabajadoras y tras su lucha constante lleg\u00f3 a ser miembro de la direcci\u00f3n nacional de la Confederaci\u00f3n de Trabajadores de Colombia (CTC).<\/p>\n<p>Como ha sido costumbre entre los miembros de la fuerza del trabajo, en su labor sindical se encontr\u00f3 con detractores y las diferencias que debieron en su momento salvarse dentro de la organizaci\u00f3n sindical no se dieron y contrario a ello este hombre fue acusado de enemigo de los trabajadores tras \u00a0aseveraciones de un peque\u00f1o grupo de miembros de la organizaci\u00f3n sindical.<\/p>\n<p>Este hecho gener\u00f3 el secuestro del l\u00edder\u00a0 por parte de un grupo insurgente de la \u00e9poca, acto ocurrido en febrero de 1976 y tras las acusaciones de traidor fue ejecutado el 19 de abril del mismo a\u00f1o, dejando abandonado su cad\u00e1ver en una calle de la ciudad capital.<\/p>\n<p>Refresco la memoria de quienes para la \u00e9poca ten\u00edamos uso de raz\u00f3n y lo narro como memoria para quienes a causa de su juventud desconocen hechos hist\u00f3ricos como este, los que sin duda son parte del incalculable da\u00f1o que ha causado la violencia en nuestra dolida patria.<\/p>\n<p>Las actitudes de quienes hoy quieren asumir un liderazgo basado en imputaciones y elevan sus voces con acusaciones desmedidas e indolentes que infieren traiciones y aseguran enga\u00f1os dolosos de sus hermanos de clase, son el alimento para los odios y malquerencias, semillas que asoman un futuro que no deseamos para las nuevas generaciones.<\/p>\n<p>Dios permita que estos actos de intolerancia e irritabilidad consentida para agredir la honra y buen nombre de quienes con dignidad hacen posible que las luchas sociales tengan eco en esta descompuesta sociedad, no afiancen el deseo desenfrenado de los violentos para cobrar deudas inexistentes, pero que nosotros con una actitud implacable signamos a quienes consideramos indignos y permitimos que el ocaso de la vida sea posible.<\/p>\n<p>Me alimenta el optimismo la actitud de aquellos que con altura y respeto han logrado penetrar en el coraz\u00f3n de quienes pudimos escuchar sus palabras, que aunque no ocultando su insatisfacci\u00f3n, pudieron dominar sus impulsos y antes que jueces dieron ejemplo de discusi\u00f3n racional en medio de las diferencias. Es as\u00ed como se resuelven las incompatibilidades de pensamiento y de acci\u00f3n para que en medio de las inconformidades se logre unificar el paso hacia la conquista de una verdad que nos acerque a todos.<\/p>\n<p>Ya lo manifestaba Jos\u00e9 Mart\u00ed, l\u00edder conocedor de la brega por la defensa de sus hermanos: \u201cLa honra puede ser mancillada. La justicia puede ser vendida. Pero la noci\u00f3n del bien flota sobre todo, y no naufraga jam\u00e1s\u201d. No es entonces un derecho mancillar a los dem\u00e1s, pues claro es que aunque seas el m\u00e1s bueno de todos, quien quiere descalificarte siempre ver\u00e1 s\u00f3lo el punto negro en el pa\u00f1uelo, aun sabiendo que toda su superficie es blanca.<\/p>\n<p>Por ello, no juzgo, puesto que podr\u00e9 ser juzgado aunque mi vida est\u00e9 llena de buenas obras y estas no ser\u00e1n tenidas en cuenta por mis opositores.<\/p>\n<p>ADDENDA: \u201cLa muerte no persigue al soldado por llevar sobre sus hombros un arma, pero s\u00ed lo persigue por el af\u00e1n que tiene su enemigo de apuntarle y hacer que con un impacto\u00a0 su vida llegue al fin, disminuyendo as\u00ed a un oponente\u201d. F.C.C. (DRA)<\/p>\n<p><strong>FERNANDO CA\u00d1AS CAMARGO.<\/strong><\/p>\n<p><strong>Editorial Tiza y Tablero <\/strong> <\/p>\n","protected":false},"excerpt":{"rendered":"<p>En los tiempos en que se habla de reconciliaci\u00f3n, parecer\u00eda casi imposible imaginar la existencia de hermanos nuestros que fungen como jueces de la dignidad y con sus actitudes hacen que recordemos historias de acontecimientos que casi han quedado borrados de la memoria colectiva a causa de la insensibilidad humana que hoy prevalece. Es el &hellip;<\/p>\n","protected":false},"author":1,"featured_media":24048,"comment_status":"open","ping_status":"open","sticky":false,"template":"","format":"standard","meta":{"footnotes":""},"categories":[14,4],"tags":[2214],"class_list":["post-24047","post","type-post","status-publish","format-standard","has-post-thumbnail","hentry","category-articulistas","category-barra","tag-jueces"],"_links":{"self":[{"href":"https:\/\/contraluzcucuta.co\/index.php?rest_route=\/wp\/v2\/posts\/24047","targetHints":{"allow":["GET"]}}],"collection":[{"href":"https:\/\/contraluzcucuta.co\/index.php?rest_route=\/wp\/v2\/posts"}],"about":[{"href":"https:\/\/contraluzcucuta.co\/index.php?rest_route=\/wp\/v2\/types\/post"}],"author":[{"embeddable":true,"href":"https:\/\/contraluzcucuta.co\/index.php?rest_route=\/wp\/v2\/users\/1"}],"replies":[{"embeddable":true,"href":"https:\/\/contraluzcucuta.co\/index.php?rest_route=%2Fwp%2Fv2%2Fcomments&post=24047"}],"version-history":[{"count":1,"href":"https:\/\/contraluzcucuta.co\/index.php?rest_route=\/wp\/v2\/posts\/24047\/revisions"}],"predecessor-version":[{"id":24049,"href":"https:\/\/contraluzcucuta.co\/index.php?rest_route=\/wp\/v2\/posts\/24047\/revisions\/24049"}],"wp:featuredmedia":[{"embeddable":true,"href":"https:\/\/contraluzcucuta.co\/index.php?rest_route=\/wp\/v2\/media\/24048"}],"wp:attachment":[{"href":"https:\/\/contraluzcucuta.co\/index.php?rest_route=%2Fwp%2Fv2%2Fmedia&parent=24047"}],"wp:term":[{"taxonomy":"category","embeddable":true,"href":"https:\/\/contraluzcucuta.co\/index.php?rest_route=%2Fwp%2Fv2%2Fcategories&post=24047"},{"taxonomy":"post_tag","embeddable":true,"href":"https:\/\/contraluzcucuta.co\/index.php?rest_route=%2Fwp%2Fv2%2Ftags&post=24047"}],"curies":[{"name":"wp","href":"https:\/\/api.w.org\/{rel}","templated":true}]}}