{"id":24044,"date":"2015-05-10T18:24:15","date_gmt":"2015-05-10T23:24:15","guid":{"rendered":"http:\/\/contraluzcucuta.co\/?p=24044"},"modified":"2015-05-12T22:18:18","modified_gmt":"2015-05-13T03:18:18","slug":"rio-pamplonita-obras-en-siete-puntos-criticos-costaron-11-000-millones","status":"publish","type":"post","link":"https:\/\/contraluzcucuta.co\/?p=24044","title":{"rendered":"R\u00cdO PAMPLONITA. Obras en siete puntos cr\u00edticos costaron $ 11.000 millones"},"content":{"rendered":"<p><strong>C\u00daCUTA.-<\/strong> En siete sectores definidos como puntos cr\u00edticos se ejecutaron obras \u00a0con el fin de\u00a0 mitigar los impactos en \u00e9pocas de lluvia extrema, como las\u00a0 ocurridas en 2010 y 2011, correspondientes al Fen\u00f3meno de la Ni\u00f1a. \u00a0Los trabajos servir\u00e1n para evitar problemas de\u00a0 socavaci\u00f3n, debilitamiento y\u00a0 p\u00e9rdida de los taludes para el control de la erosi\u00f3n de las m\u00e1rgenes derecha e izquierda del r\u00edo Pamplonita. Los recursos invertidos correspondieron al Fondo Nacional de Gesti\u00f3n del Riesgo de Desastres.<\/p>\n<p>Los puntos donde se adelantaron las obras son:<\/p>\n<p>1.- Puente San Rafael, Urbanizaci\u00f3n La Rinconada<\/p>\n<p>2.- Penitenciar\u00eda de C\u00facuta<\/p>\n<p>3.- Urbanizaci\u00f3n Vegas del R\u00edo<\/p>\n<p>4.- Avenida Los Libertadores CAI Pista de Patinaje<\/p>\n<p>5.- Avenida del R\u00edo, Urbanizaci\u00f3n Niza<\/p>\n<p>6.- Aguas abajo del puente El\u00edas M. Soto<\/p>\n<p>7.- Urbanizaci\u00f3n Asturias.<\/p>\n<p>Las\u00a0 obras consisten en la construcci\u00f3n de jarillones en roca caliza para la protecci\u00f3n lateral del r\u00edo Pamplonita. De esta manera se disminuir\u00e1n las condiciones de amenaza y vulnerabilidad que puedan afectar a la poblaci\u00f3n.<\/p>\n<p>La inversi\u00f3n alcanz\u00f3 los $ 11.000 millones, trabajo ejecutado con La Gobernaci\u00f3n, Corponor\u00a0 y la Unidad Nacional para la Gesti\u00f3n del Riesgo (UNGRD).\u00a0 \u201cAl revisar cada uno de los siete\u00a0 puntos cr\u00edticos podemos ver que el trabajo ha cumplido con el requerimiento t\u00e9cnico y eso hace que las pr\u00f3ximas temporadas de lluvias no nos vayan a impactar\u201d, dijo\u00a0 Carlos Iv\u00e1n M\u00e1rquez, director General de la UNGRD.<\/p>\n<p>El parte del funcionario a la comunidad es que el trabajo vali\u00f3 la pena y que se cumpli\u00f3. Lo que quiere decir que en Norte de Santander se genera otra obra de mitigaci\u00f3n. Las obras nacieron como producto de la oleada invernal y se entreg\u00f3 luego de un recorrido por cada sector.<\/p>\n<p>Luis Lizcano, director de Corponor, dijo que hicieron gesti\u00f3n para canalizar los recursos por medio de la Unidad Gesti\u00f3n del Riesgo. La Corporaci\u00f3n Aut\u00f3noma es la entidad que ejecuta los trabajos.<\/p>\n<p>El gobernador Edgar D\u00edaz dijo que el convenio permiti\u00f3 ejecutar el proyecto para la reducci\u00f3n de la vulnerabilidad a lo largo del r\u00edo Pamplonita. La afectaci\u00f3n, durante a\u00f1os, ocasion\u00f3 problemas en la Avenida del R\u00edo. \u201cHoy, vemos c\u00f3mo se ha logrado mitigar parte de esos problemas\u201d.<\/p>\n<p>Para la ejecuci\u00f3n de las obras se implementaron estudios fisiogr\u00e1ficos, t\u00e9cnicos, de suelos, geot\u00e9cnicos y geof\u00edsicos con los cuales se definieron los dise\u00f1os.<\/p>\n<p>Foto: PRENSA CORPONOR <\/p>\n","protected":false},"excerpt":{"rendered":"<p>C\u00daCUTA.- En siete sectores definidos como puntos cr\u00edticos se ejecutaron obras \u00a0con el fin de\u00a0 mitigar los impactos en \u00e9pocas de lluvia extrema, como las\u00a0 ocurridas en 2010 y 2011, correspondientes al Fen\u00f3meno de la Ni\u00f1a. \u00a0Los trabajos servir\u00e1n para evitar problemas de\u00a0 socavaci\u00f3n, debilitamiento y\u00a0 p\u00e9rdida de los taludes para el control de la &hellip;<\/p>\n","protected":false},"author":1,"featured_media":24045,"comment_status":"open","ping_status":"open","sticky":false,"template":"","format":"standard","meta":{"footnotes":""},"categories":[347,6],"tags":[493,2212,560,2213],"class_list":["post-24044","post","type-post","status-publish","format-standard","has-post-thumbnail","hentry","category-medio-ambiente","category-ojo-avizor","tag-corponor","tag-fondo-nacional-de-gestion-del-riesgo-de-desastres","tag-medio-ambiente-2","tag-unidad-nacional-para-la-gestion-del-riesgo"],"_links":{"self":[{"href":"https:\/\/contraluzcucuta.co\/index.php?rest_route=\/wp\/v2\/posts\/24044","targetHints":{"allow":["GET"]}}],"collection":[{"href":"https:\/\/contraluzcucuta.co\/index.php?rest_route=\/wp\/v2\/posts"}],"about":[{"href":"https:\/\/contraluzcucuta.co\/index.php?rest_route=\/wp\/v2\/types\/post"}],"author":[{"embeddable":true,"href":"https:\/\/contraluzcucuta.co\/index.php?rest_route=\/wp\/v2\/users\/1"}],"replies":[{"embeddable":true,"href":"https:\/\/contraluzcucuta.co\/index.php?rest_route=%2Fwp%2Fv2%2Fcomments&post=24044"}],"version-history":[{"count":1,"href":"https:\/\/contraluzcucuta.co\/index.php?rest_route=\/wp\/v2\/posts\/24044\/revisions"}],"predecessor-version":[{"id":24046,"href":"https:\/\/contraluzcucuta.co\/index.php?rest_route=\/wp\/v2\/posts\/24044\/revisions\/24046"}],"wp:featuredmedia":[{"embeddable":true,"href":"https:\/\/contraluzcucuta.co\/index.php?rest_route=\/wp\/v2\/media\/24045"}],"wp:attachment":[{"href":"https:\/\/contraluzcucuta.co\/index.php?rest_route=%2Fwp%2Fv2%2Fmedia&parent=24044"}],"wp:term":[{"taxonomy":"category","embeddable":true,"href":"https:\/\/contraluzcucuta.co\/index.php?rest_route=%2Fwp%2Fv2%2Fcategories&post=24044"},{"taxonomy":"post_tag","embeddable":true,"href":"https:\/\/contraluzcucuta.co\/index.php?rest_route=%2Fwp%2Fv2%2Ftags&post=24044"}],"curies":[{"name":"wp","href":"https:\/\/api.w.org\/{rel}","templated":true}]}}