{"id":24040,"date":"2015-05-07T22:04:02","date_gmt":"2015-05-08T03:04:02","guid":{"rendered":"http:\/\/contraluzcucuta.co\/?p=24040"},"modified":"2015-05-10T20:47:49","modified_gmt":"2015-05-11T01:47:49","slug":"angeles-verdes-capitan-volvio-al-ruedo-con-un-caminador-especial","status":"publish","type":"post","link":"https:\/\/contraluzcucuta.co\/?p=24040","title":{"rendered":"&#8216;\u00c1NGELES VERDES\u2019. \u2018Capit\u00e1n\u2019 volvi\u00f3 al ruedo con un caminador especial"},"content":{"rendered":"<p><strong>C\u00daCUTA.-<\/strong> A \u2018Capit\u00e1n\u2019, canino de dos a\u00f1os y de raza criolla, diferentes patolog\u00edas le afectaron la movilidad. Ahora, recuper\u00f3 el caminar con un singular caminador ortop\u00e9dico dise\u00f1ado y fabricado por agentes de la Polic\u00eda Metropolitana de C\u00facuta (Mecuc). El perro est\u00e1 bajo el cuidado de la propietaria \u2018Zulay\u2019, quien hace varios meses lo convirti\u00f3 en miembro de la familia y del lugar de trabajo, en Villa del Rosario, en l\u00edmites con Venezuela.<\/p>\n<p>Medio a\u00f1o atr\u00e1s, \u2018Capit\u00e1n\u2019 sufri\u00f3 varias patolog\u00edas, entre las que destacan una enfermedad respiratoria y la fiebre de garrapata, que le afectaron el sistema nervioso. Perdi\u00f3 parcialmente la movilidad en las extremidades traseras.<\/p>\n<p>El caso fue conocido por uniformados del cuadrante de la Estaci\u00f3n de Polic\u00eda de Villa del Rosario. Luego, por competencia, personal del Grupo de Gu\u00edas Caninos de la Polic\u00eda de Carabineros se aperson\u00f3 de la situaci\u00f3n y comenz\u00f3 a hacer realidad el que ser\u00eda el proyecto de bienestar animal.<\/p>\n<p>Enfermeros caninos y la propietaria hicieron la valoraci\u00f3n f\u00edsica del estado de salud del perro. Establecieron la necesidad de aplicar un tratamiento m\u00e9dico-veterinario, que asumieron los profesionales de la Polic\u00eda de Carabineros. El trabajo involucr\u00f3 el suministro de medicamentos para recuperaci\u00f3n dermatol\u00f3gica, terapias de movilidad y procedimientos neumol\u00f3gicos.<\/p>\n<p>D\u00edas despu\u00e9s, la respiraci\u00f3n de \u2018Capit\u00e1n\u2019 es normal y la piel con manchas negras y caf\u00e9 volvi\u00f3 a tomar el t\u00edpico oscuro de la raza criolla. Se evidencia la ausencia de lesiones cut\u00e1neas.<\/p>\n<p>El proceso de recuperaci\u00f3n abarc\u00f3 la segunda fase, que consist\u00eda en contribuir a la movilidad. Junto con la fundaci\u00f3n \u2018Armando sonrisas con tubos de PVC\u2019 se gestion\u00f3 la elaboraci\u00f3n del dise\u00f1o a la medida de un caminador ortop\u00e9dico canino. El aparato fue fabricado por carabineros, labor que se extendi\u00f3 durante una semana.<\/p>\n<p>La ayuda ortop\u00e9dica le permite a \u2018Capit\u00e1n\u2019 movilizarse con facilidad al apoyar las extremidades traseras.\u00a0 Adicional al caminador, se dise\u00f1\u00f3 un cargador en tela (mameluco), que contribuye a las terapias de movilidad que continuar\u00e1n bajo la supervisi\u00f3n de los enfermeros de los Gu\u00edas Caninos de la Mecuc.<\/p>\n<p>El proceso de rehabilitaci\u00f3n del canino se dio en tiempo r\u00e9cord, como resultado de la acci\u00f3n articulada entre la propietaria, la fundaci\u00f3n de apoyo a las comunidades vulnerables y el Grupo de Gu\u00edas Caninos. \u2018Capit\u00e1n\u2019 seguir\u00e1 bajo el cuidado de los \u2018\u00c1ngeles verdes\u2019, que en la labor social aportan al bienestar animal en la zona de frontera.<\/p>\n<p>&nbsp;<\/p>\n<p>Foto: PRENSA MECUC<\/p>\n<p>&nbsp; <\/p>\n","protected":false},"excerpt":{"rendered":"<p>C\u00daCUTA.- A \u2018Capit\u00e1n\u2019, canino de dos a\u00f1os y de raza criolla, diferentes patolog\u00edas le afectaron la movilidad. Ahora, recuper\u00f3 el caminar con un singular caminador ortop\u00e9dico dise\u00f1ado y fabricado por agentes de la Polic\u00eda Metropolitana de C\u00facuta (Mecuc). El perro est\u00e1 bajo el cuidado de la propietaria \u2018Zulay\u2019, quien hace varios meses lo convirti\u00f3 en &hellip;<\/p>\n","protected":false},"author":1,"featured_media":24041,"comment_status":"open","ping_status":"open","sticky":false,"template":"","format":"standard","meta":{"footnotes":""},"categories":[11,10,36],"tags":[2211,2210,689],"class_list":["post-24040","post","type-post","status-publish","format-standard","has-post-thumbnail","hentry","category-cronica-roja","category-cronicas","category-la-voz-del-pueblo","tag-capitan","tag-guias-caninos","tag-policia-de-carabineros"],"_links":{"self":[{"href":"https:\/\/contraluzcucuta.co\/index.php?rest_route=\/wp\/v2\/posts\/24040","targetHints":{"allow":["GET"]}}],"collection":[{"href":"https:\/\/contraluzcucuta.co\/index.php?rest_route=\/wp\/v2\/posts"}],"about":[{"href":"https:\/\/contraluzcucuta.co\/index.php?rest_route=\/wp\/v2\/types\/post"}],"author":[{"embeddable":true,"href":"https:\/\/contraluzcucuta.co\/index.php?rest_route=\/wp\/v2\/users\/1"}],"replies":[{"embeddable":true,"href":"https:\/\/contraluzcucuta.co\/index.php?rest_route=%2Fwp%2Fv2%2Fcomments&post=24040"}],"version-history":[{"count":1,"href":"https:\/\/contraluzcucuta.co\/index.php?rest_route=\/wp\/v2\/posts\/24040\/revisions"}],"predecessor-version":[{"id":24042,"href":"https:\/\/contraluzcucuta.co\/index.php?rest_route=\/wp\/v2\/posts\/24040\/revisions\/24042"}],"wp:featuredmedia":[{"embeddable":true,"href":"https:\/\/contraluzcucuta.co\/index.php?rest_route=\/wp\/v2\/media\/24041"}],"wp:attachment":[{"href":"https:\/\/contraluzcucuta.co\/index.php?rest_route=%2Fwp%2Fv2%2Fmedia&parent=24040"}],"wp:term":[{"taxonomy":"category","embeddable":true,"href":"https:\/\/contraluzcucuta.co\/index.php?rest_route=%2Fwp%2Fv2%2Fcategories&post=24040"},{"taxonomy":"post_tag","embeddable":true,"href":"https:\/\/contraluzcucuta.co\/index.php?rest_route=%2Fwp%2Fv2%2Ftags&post=24040"}],"curies":[{"name":"wp","href":"https:\/\/api.w.org\/{rel}","templated":true}]}}