{"id":24014,"date":"2015-05-04T21:42:03","date_gmt":"2015-05-05T02:42:03","guid":{"rendered":"http:\/\/contraluzcucuta.co\/?p=24014"},"modified":"2015-05-04T21:44:27","modified_gmt":"2015-05-05T02:44:27","slug":"campana-a-la-alcaldia-pensar-en-ciudad-es-presentar-iniciativas-audaces-carlos-luna","status":"publish","type":"post","link":"https:\/\/contraluzcucuta.co\/?p=24014","title":{"rendered":"CAMPA\u00d1A A LA ALCALD\u00cdA. Pensar en ciudad es presentar iniciativas audaces: Carlos Luna"},"content":{"rendered":"<p><strong>C\u00daCUTA.-<\/strong> Movilidad, est\u00edmulos al comercio y a la formalizaci\u00f3n empresarial para la generaci\u00f3n de empleo, aumento de cupo de combustibles, promoci\u00f3n de la ciudad y programas de rehabilitaci\u00f3n desde pr\u00e1cticas deportivas, fueron definidos como temas claves en la mesa de trabajo con j\u00f3venes profesionales que le apuestan a construir Soluciones Reales para C\u00facuta<\/p>\n<p>De esta manera Carlos Luna facilita espacio para que l\u00edderes juveniles propongan iniciativas desde su quehacer cotidiano, que ser\u00e1n analizadas t\u00e9cnicamente para convertirse en propuestas.<\/p>\n<p>\u201cCreemos en la ciudad y en su gente por eso vamos a impulsar condiciones especiales para la inversi\u00f3n que permitan crear puestos de empleo, que se van a sumar a los generados con las obras de infraestructura y conectividad vial. Trabajando de la mano de la Gobernaci\u00f3n presentaremos iniciativas audaces, capaces de trasformar a C\u00facuta\u201d, asegur\u00f3.<\/p>\n<p>El ejercicio con los j\u00f3venes se cumpli\u00f3 en el Club Comercio y marca el inicio del ciclo de encuentros para establecer alternativas que permitan superar los problemas estructurales de la ciudad con la participaci\u00f3n de diferentes sectores sociales desde un enfoque t\u00e9cnico.<\/p>\n<p>Foto: PRENSA DE LA CAMPA\u00d1A <\/p>\n","protected":false},"excerpt":{"rendered":"<p>C\u00daCUTA.- Movilidad, est\u00edmulos al comercio y a la formalizaci\u00f3n empresarial para la generaci\u00f3n de empleo, aumento de cupo de combustibles, promoci\u00f3n de la ciudad y programas de rehabilitaci\u00f3n desde pr\u00e1cticas deportivas, fueron definidos como temas claves en la mesa de trabajo con j\u00f3venes profesionales que le apuestan a construir Soluciones Reales para C\u00facuta De esta &hellip;<\/p>\n","protected":false},"author":1,"featured_media":24016,"comment_status":"open","ping_status":"open","sticky":false,"template":"","format":"standard","meta":{"footnotes":""},"categories":[1728,403,9],"tags":[2206,1592],"class_list":["post-24014","post","type-post","status-publish","format-standard","has-post-thumbnail","hentry","category-alcaldables","category-efemerides","category-politica","tag-candidatos-a-la-alcadia-de-cucuta","tag-carlos-luna"],"_links":{"self":[{"href":"https:\/\/contraluzcucuta.co\/index.php?rest_route=\/wp\/v2\/posts\/24014","targetHints":{"allow":["GET"]}}],"collection":[{"href":"https:\/\/contraluzcucuta.co\/index.php?rest_route=\/wp\/v2\/posts"}],"about":[{"href":"https:\/\/contraluzcucuta.co\/index.php?rest_route=\/wp\/v2\/types\/post"}],"author":[{"embeddable":true,"href":"https:\/\/contraluzcucuta.co\/index.php?rest_route=\/wp\/v2\/users\/1"}],"replies":[{"embeddable":true,"href":"https:\/\/contraluzcucuta.co\/index.php?rest_route=%2Fwp%2Fv2%2Fcomments&post=24014"}],"version-history":[{"count":2,"href":"https:\/\/contraluzcucuta.co\/index.php?rest_route=\/wp\/v2\/posts\/24014\/revisions"}],"predecessor-version":[{"id":24017,"href":"https:\/\/contraluzcucuta.co\/index.php?rest_route=\/wp\/v2\/posts\/24014\/revisions\/24017"}],"wp:featuredmedia":[{"embeddable":true,"href":"https:\/\/contraluzcucuta.co\/index.php?rest_route=\/wp\/v2\/media\/24016"}],"wp:attachment":[{"href":"https:\/\/contraluzcucuta.co\/index.php?rest_route=%2Fwp%2Fv2%2Fmedia&parent=24014"}],"wp:term":[{"taxonomy":"category","embeddable":true,"href":"https:\/\/contraluzcucuta.co\/index.php?rest_route=%2Fwp%2Fv2%2Fcategories&post=24014"},{"taxonomy":"post_tag","embeddable":true,"href":"https:\/\/contraluzcucuta.co\/index.php?rest_route=%2Fwp%2Fv2%2Ftags&post=24014"}],"curies":[{"name":"wp","href":"https:\/\/api.w.org\/{rel}","templated":true}]}}