{"id":23998,"date":"2015-05-03T19:05:56","date_gmt":"2015-05-04T00:05:56","guid":{"rendered":"http:\/\/contraluzcucuta.co\/?p=23998"},"modified":"2015-05-07T21:16:54","modified_gmt":"2015-05-08T02:16:54","slug":"cucuta-linda-compromiso-de-todos","status":"publish","type":"post","link":"https:\/\/contraluzcucuta.co\/?p=23998","title":{"rendered":"\u2018C\u00daCUTA LINDA\u2019. Compromiso de todos"},"content":{"rendered":"<p><strong>C\u00daCUTA.-<\/strong> Auxiliares de la Polic\u00eda, \u2018escobitas\u2019, bomberos y funcionarios de la administraci\u00f3n municipal, Corponor y empresas de aseo se unieron para hacer el lanzamiento de la campa\u00f1a \u2018C\u00facuta Linda, compromiso de todos. La primera tarea se cumpli\u00f3 en el parque Santander.<\/p>\n<p>La campa\u00f1a es una propuesta institucional del alcalde Donamaris Ram\u00edrez para embellecer la ciudad durante este a\u00f1o, con vinculaci\u00f3n de la comunidad y entidades privadas y p\u00fablicas. El fin es intervenir separadores, glorietas y parques; poda y tala de \u00e1rboles; recuperaci\u00f3n de fuentes; mejoramiento del Canal Bogot\u00e1 y las avenidas 11E, 9E, 7E y 3E, y los separadores de la calle 13.<\/p>\n<p>Tambi\u00e9n, est\u00e1n incluidas las glorietas de los barrios Claret, Escobal y Carlos Ram\u00edrez Par\u00eds, la Penitenciar\u00eda de C\u00facuta y la Terminal de Ttrasportes.<\/p>\n<p>En el parque Santander, se hizo la prueba piloto. Los auxiliares de la Polic\u00eda barrieron el entorno, los bomberos asearon la estatua del General Santander, Centrales El\u00e9ctricas inici\u00f3 la tala de \u00e1rboles muertos previa autorizaci\u00f3n de Corponor y las m\u00e1quinas barredoras y lavadoras de las empresas de aseo limpiaron el piso.<\/p>\n<p>Funcionarios de Corponor entregaron a la ciudadan\u00eda calendarios y \u00e1rboles frutales y maderables para iniciar procesos de reforestaci\u00f3n. La orquesta Son de la Ley ameniz\u00f3 la jornada.<\/p>\n<p>La tala de uno de los siete \u00e1rboles secos que siguen en pie y representan peligro para los cucute\u00f1os se constituy\u00f3 en otra acci\u00f3n enmarcada entre los objetivos de la campa\u00f1a \u2018C\u00facuta Linda, compromiso de todos\u2019.\u00a0 El procedimiento se llev\u00f3 a cabo por personal de Centrales El\u00e9ctricas Cens y Aseo Urbano<\/p>\n<p>La estatua pedestre del general Francisco de Paula Santander recibi\u00f3 el ba\u00f1o como parte de las actividades ejecutadas para tener una ciudad diferente.<\/p>\n<p>Foto: PRENSA ALCALD\u00cdA DE CUCUTA<\/p>\n<p>&nbsp;<\/p>\n<p>&nbsp; <\/p>\n","protected":false},"excerpt":{"rendered":"<p>C\u00daCUTA.- Auxiliares de la Polic\u00eda, \u2018escobitas\u2019, bomberos y funcionarios de la administraci\u00f3n municipal, Corponor y empresas de aseo se unieron para hacer el lanzamiento de la campa\u00f1a \u2018C\u00facuta Linda, compromiso de todos. La primera tarea se cumpli\u00f3 en el parque Santander. La campa\u00f1a es una propuesta institucional del alcalde Donamaris Ram\u00edrez para embellecer la ciudad &hellip;<\/p>\n","protected":false},"author":1,"featured_media":23999,"comment_status":"open","ping_status":"open","sticky":false,"template":"","format":"standard","meta":{"footnotes":""},"categories":[541,6],"tags":[226,2201,2200],"class_list":["post-23998","post","type-post","status-publish","format-standard","has-post-thumbnail","hentry","category-ciudad","category-ojo-avizor","tag-alcaldia-de-cucuta","tag-bomberos-voluntarios","tag-campana-cucuta-linda-compromiso-de-todos"],"_links":{"self":[{"href":"https:\/\/contraluzcucuta.co\/index.php?rest_route=\/wp\/v2\/posts\/23998","targetHints":{"allow":["GET"]}}],"collection":[{"href":"https:\/\/contraluzcucuta.co\/index.php?rest_route=\/wp\/v2\/posts"}],"about":[{"href":"https:\/\/contraluzcucuta.co\/index.php?rest_route=\/wp\/v2\/types\/post"}],"author":[{"embeddable":true,"href":"https:\/\/contraluzcucuta.co\/index.php?rest_route=\/wp\/v2\/users\/1"}],"replies":[{"embeddable":true,"href":"https:\/\/contraluzcucuta.co\/index.php?rest_route=%2Fwp%2Fv2%2Fcomments&post=23998"}],"version-history":[{"count":1,"href":"https:\/\/contraluzcucuta.co\/index.php?rest_route=\/wp\/v2\/posts\/23998\/revisions"}],"predecessor-version":[{"id":24000,"href":"https:\/\/contraluzcucuta.co\/index.php?rest_route=\/wp\/v2\/posts\/23998\/revisions\/24000"}],"wp:featuredmedia":[{"embeddable":true,"href":"https:\/\/contraluzcucuta.co\/index.php?rest_route=\/wp\/v2\/media\/23999"}],"wp:attachment":[{"href":"https:\/\/contraluzcucuta.co\/index.php?rest_route=%2Fwp%2Fv2%2Fmedia&parent=23998"}],"wp:term":[{"taxonomy":"category","embeddable":true,"href":"https:\/\/contraluzcucuta.co\/index.php?rest_route=%2Fwp%2Fv2%2Fcategories&post=23998"},{"taxonomy":"post_tag","embeddable":true,"href":"https:\/\/contraluzcucuta.co\/index.php?rest_route=%2Fwp%2Fv2%2Ftags&post=23998"}],"curies":[{"name":"wp","href":"https:\/\/api.w.org\/{rel}","templated":true}]}}