{"id":23992,"date":"2015-05-03T17:58:46","date_gmt":"2015-05-03T22:58:46","guid":{"rendered":"http:\/\/contraluzcucuta.co\/?p=23992"},"modified":"2015-05-07T19:59:39","modified_gmt":"2015-05-08T00:59:39","slug":"turismo-pueblito-viejo-ciudad-del-futuro-y-parque-metropolitano","status":"publish","type":"post","link":"https:\/\/contraluzcucuta.co\/?p=23992","title":{"rendered":"TURISMO. Pueblito Viejo, Ciudad del Futuro y Parque Metropolitano"},"content":{"rendered":"<p><strong>C\u00daCUTA.-<\/strong> Hace a\u00f1o y medio se trabaja en tres proyectos que cambiar\u00e1n la cara de C\u00facuta y ofrecer\u00e1n otras alternativas para incentivar el turismo. Dos a\u00f1os m\u00e1s se requerir\u00e1n para tener el Pueblito Viejo, la Ciudad del Futuro y el Parque Metropolitano. Los costos forman parte del estudio meticuloso que tiene un avance del 60 al 70 por ciento.<\/p>\n<p>Los parques tem\u00e1ticos obedecen a la necesidad apremiante que hay en C\u00facuta y Norte de Santander de empezar a reconocer los potenciales y las capacidades de desarrollo, apost\u00e1ndole a un proyecto tur\u00edstico de esta envergadura. La explicaci\u00f3n la hizo Joaqu\u00edn Guerrero, integrante del Centro de investigaciones de la Universidad Sim\u00f3n Bol\u00edvar.<\/p>\n<p>El punto de partida es la revisi\u00f3n amplia de las experiencias del turismo exitoso en los Llanos Orientales, Eje Cafetero, Costa Atl\u00e1ntica y Santander, en Colombia, y M\u00e9rida, en Venezuela. \u201cLideramos la propuesta para construir un parque que re\u00fana la formaci\u00f3n ciudadana de un cambio de actitud y comportamiento frente a los actores sociales\u201d.<\/p>\n<p>El objetivo principal es borrar el estereotipo de que el cucute\u00f1o es desordenado. Los proyectos son los siguientes:<\/p>\n<p>1.- Pueblito Viejo. Ser\u00e1 la reproducci\u00f3n de la provincia nortesantandereana en un parque tem\u00e1tico. En ese pueblito habr\u00e1 la representatividad de la gastronom\u00eda, las artesan\u00edas, la tradici\u00f3n folcl\u00f3rica y la riqueza cultural. Seg\u00fan estudios, los cucute\u00f1os son los actores sociales m\u00e1s desarraigados del pa\u00eds. Pareciera que no quieren a la ciudad y al departamento.<\/p>\n<p>2.- Ciudad del Futuro. Es un concepto que se ha desarrollado en Bogot\u00e1 y Medell\u00edn. Es la construcci\u00f3n de una ciudadela en la que se podr\u00e1n observar situaciones que se han vuelto cotidianas y que est\u00e1n mal desde el punto de vista social, como ser sucios con la ciudad, ser ruidosos al conducir, no respetar las se\u00f1ales de tr\u00e1nsito y ser indecentes. Esas situaciones se reproducir\u00e1n \u00a0para que las nuevas generaciones tengan la posibilidad de experimentar el da\u00f1o que les hacen y tomar acciones que las contrarresten, y decisiones sobre c\u00f3mo como ciudadanos pueden cumplir bien con ese rol sin incomodar a la gente, sino mediante la promoci\u00f3n de la paz, la movilidad y la buena calidad de vida en la ciudad.<\/p>\n<p>3.- Museo Metropolitano. Ser\u00e1 la representaci\u00f3n de hechos hist\u00f3ricos de la ciudad y del departamento, desde \u00e9pocas inimaginables. La historia de C\u00facuta se cuenta desde la fundaci\u00f3n y la colonia y se olvida el legado cultural. La historia parte desde los dinosaurios, pasa por las tribus ancestrales, la participaci\u00f3n en la independencia nacional, la \u00e9poca industrial y las crisis actuales. Hay desconocimiento de la historia y las \u00a0tradiciones bar\u00edes. El t\u00e9rmino motil\u00f3n no es v\u00e1lido hist\u00f3ricamente, es un calificativo que dieron los colonos petroleros a los ind\u00edgenas en la zona de El Catatumbo, cuando comenz\u00f3 la explotaci\u00f3n del crudo hace m\u00e1s de 100 a\u00f1os.<\/p>\n<p>\u201cTrabajamos con\u00a0 los sectores que tienen que ver con la cultura, el turismo y la historia para complementar los contenidos de la propuesta. Es un trabajo que tomar\u00e1 medio a\u00f1o\u201d, dijo Joaqu\u00edn Guerrero. La intenci\u00f3n es llevar el proyecto a feliz t\u00e9rmino en diciembre, para comenzar las fases sucesivas, sobre todo los estudios de factibilidad que dar\u00e1n pie para buscar los recursos.<\/p>\n<p>La propuesta est\u00e1 en la fase conceptual. \u201cEl camino es largo. Es un trabajo que requiere de investigaci\u00f3n, de no dejar cabos sueltos, para que cuando se presente a ministerios e inversionistas est\u00e9 blindada desde el concepto hasta el retorno de la inversi\u00f3n y que garantice el impacto social\u201d.<\/p>\n<p>La inversi\u00f3n, en este momento, es incierta en cuesti\u00f3n de montos y de tiempos. La asignaci\u00f3n de recursos depender\u00e1 de la solidez de las propuestas.<\/p>\n<p>Acerca del lugar que ocupar\u00eda el parque tem\u00e1tico Guerrero explic\u00f3 \u00a0 que apelan a la participaci\u00f3n de los municipios del \u00c1rea Matropolitana. Los Patios siempre ha mostrado inter\u00e9s para desarrollar este tipo de proyectos. \u201cHay que ser optimistas para creer que tenemos el potencial. Lo que en el pasado nos hizo bajar el ritmo del progreso fue dudar de lo nuestro\u201d.<\/p>\n<p><strong>RAFAEL ANTONIO PAB\u00d3N<\/strong><\/p>\n<p><strong>Foto: <a href=\"http:\/\/www.contraluzcucuta.co\">www.contraluzcucuta.co<\/a><\/strong> <\/p>\n","protected":false},"excerpt":{"rendered":"<p>C\u00daCUTA.- Hace a\u00f1o y medio se trabaja en tres proyectos que cambiar\u00e1n la cara de C\u00facuta y ofrecer\u00e1n otras alternativas para incentivar el turismo. Dos a\u00f1os m\u00e1s se requerir\u00e1n para tener el Pueblito Viejo, la Ciudad del Futuro y el Parque Metropolitano. Los costos forman parte del estudio meticuloso que tiene un avance del 60 &hellip;<\/p>\n","protected":false},"author":1,"featured_media":23993,"comment_status":"open","ping_status":"open","sticky":false,"template":"","format":"standard","meta":{"footnotes":""},"categories":[6,37],"tags":[2196,2197,2195,2198],"class_list":["post-23992","post","type-post","status-publish","format-standard","has-post-thumbnail","hentry","category-ojo-avizor","category-paseo-cultural","tag-la-ciudad-del-futuro","tag-parque-metropolitano","tag-pueblito-viejo","tag-universidad-simon-bolivar-de-cucuta"],"_links":{"self":[{"href":"https:\/\/contraluzcucuta.co\/index.php?rest_route=\/wp\/v2\/posts\/23992","targetHints":{"allow":["GET"]}}],"collection":[{"href":"https:\/\/contraluzcucuta.co\/index.php?rest_route=\/wp\/v2\/posts"}],"about":[{"href":"https:\/\/contraluzcucuta.co\/index.php?rest_route=\/wp\/v2\/types\/post"}],"author":[{"embeddable":true,"href":"https:\/\/contraluzcucuta.co\/index.php?rest_route=\/wp\/v2\/users\/1"}],"replies":[{"embeddable":true,"href":"https:\/\/contraluzcucuta.co\/index.php?rest_route=%2Fwp%2Fv2%2Fcomments&post=23992"}],"version-history":[{"count":1,"href":"https:\/\/contraluzcucuta.co\/index.php?rest_route=\/wp\/v2\/posts\/23992\/revisions"}],"predecessor-version":[{"id":23994,"href":"https:\/\/contraluzcucuta.co\/index.php?rest_route=\/wp\/v2\/posts\/23992\/revisions\/23994"}],"wp:featuredmedia":[{"embeddable":true,"href":"https:\/\/contraluzcucuta.co\/index.php?rest_route=\/wp\/v2\/media\/23993"}],"wp:attachment":[{"href":"https:\/\/contraluzcucuta.co\/index.php?rest_route=%2Fwp%2Fv2%2Fmedia&parent=23992"}],"wp:term":[{"taxonomy":"category","embeddable":true,"href":"https:\/\/contraluzcucuta.co\/index.php?rest_route=%2Fwp%2Fv2%2Fcategories&post=23992"},{"taxonomy":"post_tag","embeddable":true,"href":"https:\/\/contraluzcucuta.co\/index.php?rest_route=%2Fwp%2Fv2%2Ftags&post=23992"}],"curies":[{"name":"wp","href":"https:\/\/api.w.org\/{rel}","templated":true}]}}