{"id":23988,"date":"2015-04-29T22:08:22","date_gmt":"2015-04-30T03:08:22","guid":{"rendered":"http:\/\/contraluzcucuta.co\/?p=23988"},"modified":"2015-05-03T20:01:22","modified_gmt":"2015-05-04T01:01:22","slug":"notas-al-margen-convocatoria-regional-y-fronteriza","status":"publish","type":"post","link":"https:\/\/contraluzcucuta.co\/?p=23988","title":{"rendered":"NOTAS AL MARGEN. Convocatoria regional y fronteriza"},"content":{"rendered":"<p>\u00bfPor qu\u00e9 no convocar\u00a0 a los\u00a0\u00a0 mejores y m\u00e1s representativos exponentes regionales y fronterizos para establecer y dar aliento\u00a0 a las acciones y programas\u00a0 que prioritariamente\u00a0 constituyen nuestro reto y en procura de la\u00a0 transformaci\u00f3n\u00a0 y\u00a0 desarrollo que ansiosamente\u00a0 anhelamos?<\/p>\n<p>1.- La\u00a0 realidad regional y fronteriza \u2013 sin consideraciones de partido, grupos o rosca alguna, que no sea el penetrar en el meollo y verdadera esencia de cuanto acontece y satura de preocupaci\u00f3n el futuro departamental y el progreso de las provincias y municipios, que integran la vivencia de nuestra comarca y zona de realizaci\u00f3n-\u00a0 exige, sin exclusi\u00f3n de nadie y s\u00ed con el compromiso de todos, un verdadero y sincero enfoque sobre prioridades, debilidades, peligros y opciones, que se enmarcan dentro de lo nuestro. Y, con labor asociada y firmemente compartida, formular y promover el prop\u00f3sito de unas acciones y conductas permanentes \u2013con seguimiento continuo- hasta llegar, a lo que\u00a0 esperamos y\u00a0 ansiosamente anhelamos ejecutar. El momento no es para perder el tiempo, ni para dejar pasar oportunidades de aglutinamiento y gestiones que se pueden concertar, porque toda postergaci\u00f3n de determinaciones o cualquier error en apreciaciones que comprometan el porvenir de esta esquina de la Rep\u00fablica, la pagaran caro no solo quienes la habitamos, sino el\u00a0 eje binacional de esta frontera colombo-venezolana que tiene ventajas comparativas y oportunidades\u00a0 que no se han aprovechado cabalmente, porque cuando se instaur\u00f3 la mentalidad exportadora del a\u00f1il, la quina y el cacao, y luego vinieron el ferrocarril y las carreteras, y se introdujo el caf\u00e9 mediante el establecimiento de relaciones y empe\u00f1os mayores\u00a0 que trascendieron, porque hubo n\u00facleos progresistas que hicieron mucho, como lo atestiguaron alemanes, italianos, franceses, catalanes ,etc\u00e9tera. Ahora est\u00e1n en suspenso. Y, sin el agarre y la pasi\u00f3n de unos deseos de coparticipaci\u00f3n y de hacer y de llegar hasta unas metas mayores, porque estas siguen sin definirse o carecen de la fuerza y el empuje de una motivaci\u00f3n que conduzca al \u00e9xito y al\u00a0 cambio y a la trasformaci\u00f3n de lo que experimentamos. Y, porque en\u00a0\u00a0 la frontera, requerimos de ejemplarizantes pol\u00edticas de Estado.<\/p>\n<p>2.- S\u00ed, el momento no es para hacer m\u00e1s divisiones y fragmentaciones de opini\u00f3n. Menos, cuando lo que necesitamos\u00a0 &#8211; y urge su presencia &#8211; son directivos informados y capaces, con se\u00f1alado esp\u00edritu de servicio y \u00e1nimo firme de acertar. Tampoco es para crear pugnacidades, por valoraciones y fragmentaciones ideol\u00f3gicas, que no sean el abrirles camino al progreso y al desarrollo regional y fronterizo, de manera abierta, clara, honesta y trasparente. Adem\u00e1s, porque\u00a0 hay gente \u00a0con conocimientos\u00a0 y dispuestas al aporte de su integridad\u00a0 y esp\u00edritu de servicio.<\/p>\n<p>3.- Por\u00a0 ello \u00bfPor qu\u00e9\u00a0 no convocar a los\u00a0 destacados exponentes y patriarcas o matriarcas de C\u00facuta, Oca\u00f1a, Pamplona y la regi\u00f3n en general para analizar y decidir lo que mejor\u00a0 debe hacerse? \u00bfPor qu\u00e9 no llamar a los que integran la\u00a0 conciencia viva de la regi\u00f3n y la frontera para que\u00a0 se re\u00fanan y asuman\u00a0\u00a0 la fijaci\u00f3n de derroteros y estrategias\u00a0 que despierten y dinamicen\u00a0 a\u00a0 los\u00a0 cuadros representativos y as\u00ed se\u00a0 precisen un camino, \u00a0una ruta y una tarea por cumplir?\u00a0 \u00bfAcaso las divisiones partidaristas de anta\u00f1o tienen vigencia?\u00a0 \u00bfNo es este un momento de cambio y de\u00a0 definiciones y de responsabilidades, si aut\u00e9nticamente queremos investigar, competir, innovar y progresar?\u00a0\u00a0 \u00bfQui\u00e9n se opone a la necesidad y vigencia de la uni\u00f3n regional\u00a0 y la labor compartida?<\/p>\n<p>Una postura de esta naturaleza abrir\u00eda compuertas y fijar\u00eda derroteros de amplia resonancia y perspectiva. \u00bfPor qu\u00e9 no intentarlo?\u00a0 \u00bfPor qu\u00e9\u00a0 no convocar \u2013hombres y mujeres- a nuestros mejores y mayores exponentes, para que hagan despertar y activar al conjunto, en procura de la trasformaci\u00f3n\u00a0 y metas que ansiosamente\u00a0 anhelamos?<\/p>\n<p><strong>JOS\u00c9 NEIRA REY<\/strong><\/p>\n<p><strong><a href=\"mailto:jneirarey@hotmail.com\">jneirarey@hotmail.com<\/a><\/strong><\/p>\n<p><strong>\u00a0Foto:\u00a0<a class=\"irc_hl irc_hol\" style=\"font-weight: normal; color: #7d7d7d;\" href=\"https:\/\/www.google.com.co\/url?sa=i&amp;rct=j&amp;q=&amp;esrc=s&amp;source=images&amp;cd=&amp;cad=rja&amp;uact=8&amp;ved=0CAYQjB0&amp;url=http%3A%2F%2Fwww.minci.gob.ve%2F2013%2F05%2Fgobierno-adoptara-medidas-estrictas-de-control-en-la-frontera-colombo-venezolana%2F&amp;ei=PpxBVeL0D4KdNoPJgKAK&amp;bvm=bv.92189499,d.eXY&amp;psig=AFQjCNEu3QCVs766C02JlIUGco21YcMwGw&amp;ust=1430449581650835\" data-ved=\"0CAYQjB0\" data-href=\"http:\/\/www.minci.gob.ve\/2013\/05\/gobierno-adoptara-medidas-estrictas-de-control-en-la-frontera-colombo-venezolana\/\"><span class=\"irc_ho\" dir=\"ltr\" style=\"color: #7d7d7d;\">www.minci.gob.ve<\/span><\/a><\/strong> <\/p>\n","protected":false},"excerpt":{"rendered":"<p>\u00bfPor qu\u00e9 no convocar\u00a0 a los\u00a0\u00a0 mejores y m\u00e1s representativos exponentes regionales y fronterizos para establecer y dar aliento\u00a0 a las acciones y programas\u00a0 que prioritariamente\u00a0 constituyen nuestro reto y en procura de la\u00a0 transformaci\u00f3n\u00a0 y\u00a0 desarrollo que ansiosamente\u00a0 anhelamos? 1.- La\u00a0 realidad regional y fronteriza \u2013 sin consideraciones de partido, grupos o rosca alguna, &hellip;<\/p>\n","protected":false},"author":1,"featured_media":23989,"comment_status":"open","ping_status":"open","sticky":false,"template":"","format":"standard","meta":{"footnotes":""},"categories":[14,6],"tags":[382,956],"class_list":["post-23988","post","type-post","status-publish","format-standard","has-post-thumbnail","hentry","category-articulistas","category-ojo-avizor","tag-jose-neira","tag-notas-al-margen"],"_links":{"self":[{"href":"https:\/\/contraluzcucuta.co\/index.php?rest_route=\/wp\/v2\/posts\/23988","targetHints":{"allow":["GET"]}}],"collection":[{"href":"https:\/\/contraluzcucuta.co\/index.php?rest_route=\/wp\/v2\/posts"}],"about":[{"href":"https:\/\/contraluzcucuta.co\/index.php?rest_route=\/wp\/v2\/types\/post"}],"author":[{"embeddable":true,"href":"https:\/\/contraluzcucuta.co\/index.php?rest_route=\/wp\/v2\/users\/1"}],"replies":[{"embeddable":true,"href":"https:\/\/contraluzcucuta.co\/index.php?rest_route=%2Fwp%2Fv2%2Fcomments&post=23988"}],"version-history":[{"count":1,"href":"https:\/\/contraluzcucuta.co\/index.php?rest_route=\/wp\/v2\/posts\/23988\/revisions"}],"predecessor-version":[{"id":23990,"href":"https:\/\/contraluzcucuta.co\/index.php?rest_route=\/wp\/v2\/posts\/23988\/revisions\/23990"}],"wp:featuredmedia":[{"embeddable":true,"href":"https:\/\/contraluzcucuta.co\/index.php?rest_route=\/wp\/v2\/media\/23989"}],"wp:attachment":[{"href":"https:\/\/contraluzcucuta.co\/index.php?rest_route=%2Fwp%2Fv2%2Fmedia&parent=23988"}],"wp:term":[{"taxonomy":"category","embeddable":true,"href":"https:\/\/contraluzcucuta.co\/index.php?rest_route=%2Fwp%2Fv2%2Fcategories&post=23988"},{"taxonomy":"post_tag","embeddable":true,"href":"https:\/\/contraluzcucuta.co\/index.php?rest_route=%2Fwp%2Fv2%2Ftags&post=23988"}],"curies":[{"name":"wp","href":"https:\/\/api.w.org\/{rel}","templated":true}]}}