{"id":23965,"date":"2015-04-28T19:17:45","date_gmt":"2015-04-29T00:17:45","guid":{"rendered":"http:\/\/contraluzcucuta.co\/?p=23965"},"modified":"2015-04-28T19:17:45","modified_gmt":"2015-04-29T00:17:45","slug":"aguas-kpital-noveno-salon-del-agua-en-mayo","status":"publish","type":"post","link":"https:\/\/contraluzcucuta.co\/?p=23965","title":{"rendered":"AGUAS KPITAL. Noveno Sal\u00f3n del Agua, en mayo"},"content":{"rendered":"<p><strong>C\u00daCUTA.-<\/strong> El Sal\u00f3n del Agua llega a la novena versi\u00f3n de la mano del Grupo Salvador Moreno, con respaldo de Aguas Kpital. La muestra es parate del esfuerzo y del compromiso de la empresa por destacar y valorar el talento de los artistas y los apasionados por las artes pl\u00e1sticas y visuales.<\/p>\n<p>El agua, como el elemento natural indispensable para la vida, es tema especial para la creaci\u00f3n de las obras, distribuidas en las siguientes categor\u00edas:<\/p>\n<p>1.- Pintura. Bidimensional con soporte en bastidor, t\u00e9cnica en \u00f3leo y acr\u00edlico.<\/p>\n<p>2.- T\u00e9cnicas varias. Obra bidimensional. Dibujo, fotograf\u00eda impresa, murales, mosaicos, t\u00e9cnicas mixtas.<\/p>\n<p>Obras tridimensionales. Escultura, artes del fuego, ensambles, nuevos medios (videos, instalaciones y arte digital)<\/p>\n<p>Los ganadores en ambas categor\u00edas ser\u00e1n premiados con\u00a0 $ 3,0 millones, cada uno.<\/p>\n<p>Se otorgar\u00e1n reconocimientos a 10 obras dignas de resaltar, seleccionadas por funcionarios de la oficina de comunicaci\u00f3n y prensa de Aguas Kpital C\u00facuta. Las 10 obras y las dos ganadoras tendr\u00e1n el privilegio de hacer parte del almanaque institucional de Aguas Kpital C\u00facuta 2015.<\/p>\n<p>Los trabajos se recibir\u00e1n del 25 al 28 mayo en la biblioteca p\u00fablica Julio P\u00e9rez Ferrero, hasta la 6:00 de la tarde. Se exhibir\u00e1n en la inauguraci\u00f3n del Sal\u00f3n de Agua, el 5 de junio, a las 7:00 de la noche.<\/p>\n<p>Aguas Kpital C\u00facuta invit\u00f3 a la comunidad cucute\u00f1a que sienta gusto por el arte para que no deje pasar esta oportunidad y se arriesgue a dar a conocer el talento.<\/p>\n<p>La convocatoria completa y las bases del concurso pueden verse en las p\u00e1ginas www.akc.com.co y <a href=\"http:\/\/www.gruposalvadormoreno.com\">www.gruposalvadormoreno.com<\/a><\/p>\n<p>&nbsp; <\/p>\n","protected":false},"excerpt":{"rendered":"<p>C\u00daCUTA.- El Sal\u00f3n del Agua llega a la novena versi\u00f3n de la mano del Grupo Salvador Moreno, con respaldo de Aguas Kpital. La muestra es parate del esfuerzo y del compromiso de la empresa por destacar y valorar el talento de los artistas y los apasionados por las artes pl\u00e1sticas y visuales. El agua, como &hellip;<\/p>\n","protected":false},"author":1,"featured_media":23966,"comment_status":"open","ping_status":"open","sticky":false,"template":"","format":"standard","meta":{"footnotes":""},"categories":[36,37],"tags":[248,2189],"class_list":["post-23965","post","type-post","status-publish","format-standard","has-post-thumbnail","hentry","category-la-voz-del-pueblo","category-paseo-cultural","tag-aguas-kpital","tag-noveno-salon-del-agua"],"_links":{"self":[{"href":"https:\/\/contraluzcucuta.co\/index.php?rest_route=\/wp\/v2\/posts\/23965","targetHints":{"allow":["GET"]}}],"collection":[{"href":"https:\/\/contraluzcucuta.co\/index.php?rest_route=\/wp\/v2\/posts"}],"about":[{"href":"https:\/\/contraluzcucuta.co\/index.php?rest_route=\/wp\/v2\/types\/post"}],"author":[{"embeddable":true,"href":"https:\/\/contraluzcucuta.co\/index.php?rest_route=\/wp\/v2\/users\/1"}],"replies":[{"embeddable":true,"href":"https:\/\/contraluzcucuta.co\/index.php?rest_route=%2Fwp%2Fv2%2Fcomments&post=23965"}],"version-history":[{"count":1,"href":"https:\/\/contraluzcucuta.co\/index.php?rest_route=\/wp\/v2\/posts\/23965\/revisions"}],"predecessor-version":[{"id":23967,"href":"https:\/\/contraluzcucuta.co\/index.php?rest_route=\/wp\/v2\/posts\/23965\/revisions\/23967"}],"wp:featuredmedia":[{"embeddable":true,"href":"https:\/\/contraluzcucuta.co\/index.php?rest_route=\/wp\/v2\/media\/23966"}],"wp:attachment":[{"href":"https:\/\/contraluzcucuta.co\/index.php?rest_route=%2Fwp%2Fv2%2Fmedia&parent=23965"}],"wp:term":[{"taxonomy":"category","embeddable":true,"href":"https:\/\/contraluzcucuta.co\/index.php?rest_route=%2Fwp%2Fv2%2Fcategories&post=23965"},{"taxonomy":"post_tag","embeddable":true,"href":"https:\/\/contraluzcucuta.co\/index.php?rest_route=%2Fwp%2Fv2%2Ftags&post=23965"}],"curies":[{"name":"wp","href":"https:\/\/api.w.org\/{rel}","templated":true}]}}