{"id":23959,"date":"2015-04-26T18:26:46","date_gmt":"2015-04-26T23:26:46","guid":{"rendered":"http:\/\/contraluzcucuta.co\/?p=23959"},"modified":"2015-04-29T20:41:36","modified_gmt":"2015-04-30T01:41:36","slug":"ciclismo-por-pasion-llego-la-hora-de-ponerse-a-pedalear","status":"publish","type":"post","link":"https:\/\/contraluzcucuta.co\/?p=23959","title":{"rendered":"CICLISMO POR PASI\u00d3N. \u00a1Lleg\u00f3 la hora\u00a0 de ponerse a pedalear!"},"content":{"rendered":"<p><strong>C\u00daCUTA.-<\/strong> La ma\u00f1ana del 25 de abril estuvo oscura y lluviosa. Hubo poca participaci\u00f3n y se retras\u00f3 la salida del chequeo cicl\u00edstico. La partida y la llegada de los ciclistas estaban se\u00f1aladas en el Anillo Vial, v\u00eda Bocon\u00f3. El circuito va de \u2018La Pollera\u2019 hasta la entrada a El Cuj\u00ed.<\/p>\n<p>A las 8:00 de la ma\u00f1ana, se escuch\u00f3 la voz del juez por el meg\u00e1fono. \u201cEl valor de la inscripci\u00f3n es voluntario, ayudemos a nuestro compa\u00f1ero Carlos Arturo Galvis, \u2018El Paisita\u2019\u201d. El beneficiado con los fondos est\u00e1 condenado a 6 a\u00f1os de prisi\u00f3n, acusado de ser el jefe del \u2018Clan \u00dasuga\u2019, en el \u00c1rea Metropolitana de C\u00facuta.<\/p>\n<p>Rolando Trujillo, representante del Bono de Ciclismo, coment\u00f3 que en C\u00facuta &#8220;Los que corren en competencias, lo hacen porque les gusta, por la pasi\u00f3n de ser ciclista. No hay patrocinio, y el poco que llega para el deporte, se pierde\u201d. Por eso, los \u2018gomosos\u2019 de esta disciplina hacen hasta rifas para salir a correr.<\/p>\n<p>El ciclismo en la capital de Norte de Santander ha cogido fuerza. Durante la semana se organizan carreras nocturnas, entre 40 a 50 kil\u00f3metros diarios. El punto de encuentro es la calle 19 con avenida segunda, en el parque \u00a0de Los Ni\u00f1os.<\/p>\n<p>El Circuito Cicl\u00edstico consta de las categor\u00edas A, B, C, D y E, seg\u00fan la edad. En el chequeo dominical solo ingresaron las categor\u00edas \u00a0A, que va hasta los 30 a\u00f1os; la B, de 30 a 40, y la E, mayores de 50.<\/p>\n<p>A las 8:30 de la ma\u00f1ana, larg\u00f3 la carrera. El primer grupo sali\u00f3 con una ventaja de 3 minutos, la\u00a0 elite o equipo A.\u00a0 Recorren ocho vueltas, dos m\u00e1s que los de la B y la E. En juego estaban una camisa y guantes para los ganadores en cada categor\u00eda.<\/p>\n<p>En toda competencia ocurren accidentes. En esta ocasi\u00f3n el desafortunado fue \u2018El Compadre\u2019. En el retorno, cerca al Cuj\u00ed, despu\u00e9s de haberse hidratado, retom\u00f3 la carrera y un tubular se desat\u00f3 y cay\u00f3 sobre la v\u00eda. Alfonso G\u00f3mez se par\u00f3 con los pantalones rotos y un rasp\u00f3n que le cubr\u00eda gran parte de la pierna. En la cara se refleja el ardor producido por las curaciones. Ah\u00ed dio por terminada participaci\u00f3n. Los dem\u00e1s grupos siguieron el recorrido.<\/p>\n<p>Dos horas y 10 minutos dur\u00f3 el circuito, tiempo en el que los ciclistas sudaron para obtener los primeros puestos. El tramo fue arduo. Carros, mulas\u00a0 y buses de trasporte intermunicipal frecuentaban el Anillo Vial. Los pedalistas sortearon el peligro y anduvieron con precauci\u00f3n.<\/p>\n<p>Algunos dejaron su carrera a pocos minutos de terminarla; otros, luchaban por adelantar al compa\u00f1ero y terminar el circuito. Ped\u00edan agua a los carros acompa\u00f1antes, se ve\u00edan agotados en las \u00faltimas vueltas, pero el agite de las banderas y el n\u00famero de vueltas por finalizar los llenaba de \u00e1nimo.<\/p>\n<p>En la meta se esperaba con ansias a los ganadores. Al dar la \u00faltima vuelta el juez corri\u00f3 hacia el lado izquierdo de la autopista para agitar la bandera de cuadros negros y blancos. El ganador del grupo elite fue Edison Paredes. Levant\u00f3 el brazo izquierda y luego el derecho en se\u00f1al de victoria. El rostro sudoroso era la muestra \u00a0del esfuerzo. Luego, sonri\u00f3 por el triunfo alcanzado sobre 15 participantes de la categor\u00eda.<\/p>\n<p>Robert Obreg\u00f3n, en la B, y Jaime Valencia, en la E, llegaron emocionados por ganar en las seis vueltas del chequeo.\u00a0 Bajaron de las bicicletas, se quitaron las zapatillas, \u00a0se hidrataron y charlaron con los compa\u00f1eros. Los jueces contaron el dinero recaudado y comenz\u00f3 la premiaci\u00f3n.<\/p>\n<p>En la competencia destac\u00f3 la presencia del director de la escuadra Bono del Ciclismo, Antonio Casta\u00f1o, la Comisi\u00f3n de Ciclismo Urbano en C\u00facuta, y Ra\u00fal Saavedra, excorredor del Selle Italia\u00a0(Colombia).<\/p>\n<p>El juez tom\u00f3 de nuevo el meg\u00e1fono y anunci\u00f3 que se recogieron $ 400.000, para el compa\u00f1ero Carlos Galvis, \u2018El Paisita\u2019. Los ganadores de cada categor\u00eda reclamaron el premio y posaron para la foto con quienes completaron los podios.<\/p>\n<p>Cansados y con las camisas y los guantes que obtuvieron como premio, partieron a descansar. Otros, se quedaron para hablar de los momentos de la carrera. Antes del medio d\u00eda el ambiente en el Anillo Vial retorn\u00f3 a la rutina diaria.<\/p>\n<p><strong>ALEJANDRA MART\u00cdNEZ<\/strong><\/p>\n<p><strong>Estudiante de Comunicaci\u00f3n Social<\/strong><\/p>\n<p><strong>Universidad de Pamplona<\/strong><\/p>\n<p><strong>Campus de Villa del Rosario<\/strong><\/p>\n<p>&nbsp;<\/p>\n<p>&nbsp; <\/p>\n","protected":false},"excerpt":{"rendered":"<p>C\u00daCUTA.- La ma\u00f1ana del 25 de abril estuvo oscura y lluviosa. Hubo poca participaci\u00f3n y se retras\u00f3 la salida del chequeo cicl\u00edstico. La partida y la llegada de los ciclistas estaban se\u00f1aladas en el Anillo Vial, v\u00eda Bocon\u00f3. El circuito va de \u2018La Pollera\u2019 hasta la entrada a El Cuj\u00ed. A las 8:00 de la &hellip;<\/p>\n","protected":false},"author":1,"featured_media":23960,"comment_status":"open","ping_status":"open","sticky":false,"template":"","format":"standard","meta":{"footnotes":""},"categories":[28],"tags":[2188,2187],"class_list":["post-23959","post","type-post","status-publish","format-standard","has-post-thumbnail","hentry","category-vistazo-deportivo","tag-bono-del-ciclismo","tag-ciclismo-urbano-en-cucuta"],"_links":{"self":[{"href":"https:\/\/contraluzcucuta.co\/index.php?rest_route=\/wp\/v2\/posts\/23959","targetHints":{"allow":["GET"]}}],"collection":[{"href":"https:\/\/contraluzcucuta.co\/index.php?rest_route=\/wp\/v2\/posts"}],"about":[{"href":"https:\/\/contraluzcucuta.co\/index.php?rest_route=\/wp\/v2\/types\/post"}],"author":[{"embeddable":true,"href":"https:\/\/contraluzcucuta.co\/index.php?rest_route=\/wp\/v2\/users\/1"}],"replies":[{"embeddable":true,"href":"https:\/\/contraluzcucuta.co\/index.php?rest_route=%2Fwp%2Fv2%2Fcomments&post=23959"}],"version-history":[{"count":1,"href":"https:\/\/contraluzcucuta.co\/index.php?rest_route=\/wp\/v2\/posts\/23959\/revisions"}],"predecessor-version":[{"id":23961,"href":"https:\/\/contraluzcucuta.co\/index.php?rest_route=\/wp\/v2\/posts\/23959\/revisions\/23961"}],"wp:featuredmedia":[{"embeddable":true,"href":"https:\/\/contraluzcucuta.co\/index.php?rest_route=\/wp\/v2\/media\/23960"}],"wp:attachment":[{"href":"https:\/\/contraluzcucuta.co\/index.php?rest_route=%2Fwp%2Fv2%2Fmedia&parent=23959"}],"wp:term":[{"taxonomy":"category","embeddable":true,"href":"https:\/\/contraluzcucuta.co\/index.php?rest_route=%2Fwp%2Fv2%2Fcategories&post=23959"},{"taxonomy":"post_tag","embeddable":true,"href":"https:\/\/contraluzcucuta.co\/index.php?rest_route=%2Fwp%2Fv2%2Ftags&post=23959"}],"curies":[{"name":"wp","href":"https:\/\/api.w.org\/{rel}","templated":true}]}}