{"id":23956,"date":"2015-04-26T17:43:26","date_gmt":"2015-04-26T22:43:26","guid":{"rendered":"http:\/\/contraluzcucuta.co\/?p=23956"},"modified":"2015-04-29T22:13:06","modified_gmt":"2015-04-30T03:13:06","slug":"celebracion-alegria-juegos-y-diversion-en-el-dia-del-nino","status":"publish","type":"post","link":"https:\/\/contraluzcucuta.co\/?p=23956","title":{"rendered":"CELEBRACI\u00d3N. Alegr\u00eda, juegos y diversi\u00f3n en el D\u00eda del Ni\u00f1o"},"content":{"rendered":"<p><strong>C\u00daCUTA \u2013<\/strong> Un abrazo y un beso recibieron de entrada los ni\u00f1os que llegaron acompa\u00f1ados por los padres al coliseo del barrio Claret, Ciudadela Juan Atalaya, para celebrar el D\u00eda del Ni\u00f1o. Luego, pusieron las mejillas para que les pintaran figuritas. La alegr\u00eda continu\u00f3 al recibir\u00a0 balones, corazones y flores. El punto de m\u00e1xima felicidad lleg\u00f3 con el espect\u00e1culo canino.<\/p>\n<p>Los peque\u00f1os cumplieron la cita a las 2:30 de la tarde. De inmediato se dispusieron para participar en los juegos, las actividades de recreaci\u00f3n y l\u00fadicas, actos culturales, pr\u00e1cticas deportivas y literatura. La organizaci\u00f3n corri\u00f3 por cuenta del programa Familia, Mujer, Infancia (Fami).<\/p>\n<p>La programaci\u00f3n inicio con la oraci\u00f3n. Ni\u00f1os y padres agradecieron a Dios por la festividad, la responsabilidad de los adultos para criar a los hijos con valores morales y pr\u00e1cticos que les sirvan para \u00a0la vida.<\/p>\n<p>\u2018Toti\u2019 de la raza Cocker\u00a0 Spaniel; \u2018Tom\u00e1s\u2019, Golden Retriever; \u2018Zeus\u2019, un d\u00e1lmata, y el criollo \u2018Roky\u2019 saltaron obst\u00e1culos y obedecieron a los domadores para el deleite de chicos y grandes. El director de los gu\u00edas caninos explic\u00f3 sobre los cuidados que se tienen con los animales. Lo asistentes atendieron las indicaciones sobre c\u00f3mo tratar a las mascotas, porque son fieles al hombre y dan ejemplo de responsabilidad, gratitud y cari\u00f1o.<\/p>\n<p>Tambi\u00e9n, habl\u00f3 de las acciones m\u00ednimas para conservar el agua, cuidar\u00a0 el medio ambiente, no contaminar el planeta y no destruir la naturaleza.<\/p>\n<p>Doralba Rodr\u00edguez, representante legal de Fami explic\u00f3 que los ni\u00f1os asociados al plan reciben atenci\u00f3n para mejorarla nutrici\u00f3n, brind\u00e1ndoles integraci\u00f3n y \u00a0modales para que sean vigorosos y tengan buenas costumbres que les sirvan para el crecimiento.<\/p>\n<p>Los beneficiados con el programa viven en los barrios Tucunar\u00e9, El Para\u00edso, Antonia Santos, La Ermita, Motilones, Ospina P\u00e9rez y Antonio Nari\u00f1o. La mayor\u00eda forman parte de familias desplazadas por la violencia.<\/p>\n<p>Yesid Portilla Reina goz\u00f3 con el brinqui brinqui al lado de decenas de ni\u00f1os. Se divirtieron en forma saludable, rieron y dieron vueltas. Al final, solo tuvo palabras de agradecimineto. \u201cQue diversi\u00f3n, todo es\u00a0 tan bonito. Cu\u00e1ndo nos volver\u00e1n a traer un inflable de estos. Bendiciones\u00a0 a Dios que mi t\u00eda\u00a0 me trajo a esta\u00a0 encantada y linda fiesta\u2019\u2019.<\/p>\n<p>Los ni\u00f1os\u00a0 entonaron los cantos \u2018Arroz con leche\u2019, \u2018En el bosque de la china\u2019\u00a0 y\u00a0 \u2018Que canten los ni\u00f1os\u2019. El p\u00fablico aplaudi\u00f3 para estimular el \u00e1nimo art\u00edstico. Los agentes de la Polic\u00eda vigilaron alrededor del parque y en las entradas de la cancha \u00a0para ofrecerles seguridad a los chiquillos. Las intervenciones musicales les llegaron al coraz\u00f3n y los pusieron a pensar en que son\u00a0 el futuro del pa\u00eds, por lo que merecen respeto, efecto\u00a0 y protecci\u00f3n. La decoraci\u00f3n estuvo llamativa. Bombas de colores con el lema \u2018Vivan los ni\u00f1os\u2019, cintas resplendentes y carteleras con mensajes art\u00edsticos.<\/p>\n<p>La marcha final comenz\u00f3 a las 5:30 de la tarde. Todos recibieron gaseosa, torta, dulces, galletas, chitos, bombones, masmelos, barriletes, pipas y chicles. Participaron en la rifa de pelotas y alcanc\u00edas, recibieron juegos did\u00e1cticos, rompe cabezas, domin\u00f3s, armatodo, plastilina y lazos. Al concluir la jornada regresaron a casa, dichosos, felices y agradecidos por los detalles.<\/p>\n<p><strong>DIANA PE\u00d1ARANDA<\/strong><\/p>\n<p><strong>Estudiante de Comunicaci\u00f3n Social<\/strong><\/p>\n<p><strong>Universidad de Pamplona<\/strong><\/p>\n<p><strong>Campus de Villa del Rosario<\/strong><\/p>\n<p><strong>\u00a0<\/strong> <\/p>\n","protected":false},"excerpt":{"rendered":"<p>C\u00daCUTA \u2013 Un abrazo y un beso recibieron de entrada los ni\u00f1os que llegaron acompa\u00f1ados por los padres al coliseo del barrio Claret, Ciudadela Juan Atalaya, para celebrar el D\u00eda del Ni\u00f1o. Luego, pusieron las mejillas para que les pintaran figuritas. La alegr\u00eda continu\u00f3 al recibir\u00a0 balones, corazones y flores. El punto de m\u00e1xima felicidad &hellip;<\/p>\n","protected":false},"author":1,"featured_media":23957,"comment_status":"open","ping_status":"open","sticky":false,"template":"","format":"standard","meta":{"footnotes":""},"categories":[7,36],"tags":[2003,2186],"class_list":["post-23956","post","type-post","status-publish","format-standard","has-post-thumbnail","hentry","category-acontecimientos","category-la-voz-del-pueblo","tag-barrio-claret-de-cucuta","tag-dia-del-nino-en-cucuta"],"_links":{"self":[{"href":"https:\/\/contraluzcucuta.co\/index.php?rest_route=\/wp\/v2\/posts\/23956","targetHints":{"allow":["GET"]}}],"collection":[{"href":"https:\/\/contraluzcucuta.co\/index.php?rest_route=\/wp\/v2\/posts"}],"about":[{"href":"https:\/\/contraluzcucuta.co\/index.php?rest_route=\/wp\/v2\/types\/post"}],"author":[{"embeddable":true,"href":"https:\/\/contraluzcucuta.co\/index.php?rest_route=\/wp\/v2\/users\/1"}],"replies":[{"embeddable":true,"href":"https:\/\/contraluzcucuta.co\/index.php?rest_route=%2Fwp%2Fv2%2Fcomments&post=23956"}],"version-history":[{"count":1,"href":"https:\/\/contraluzcucuta.co\/index.php?rest_route=\/wp\/v2\/posts\/23956\/revisions"}],"predecessor-version":[{"id":23958,"href":"https:\/\/contraluzcucuta.co\/index.php?rest_route=\/wp\/v2\/posts\/23956\/revisions\/23958"}],"wp:featuredmedia":[{"embeddable":true,"href":"https:\/\/contraluzcucuta.co\/index.php?rest_route=\/wp\/v2\/media\/23957"}],"wp:attachment":[{"href":"https:\/\/contraluzcucuta.co\/index.php?rest_route=%2Fwp%2Fv2%2Fmedia&parent=23956"}],"wp:term":[{"taxonomy":"category","embeddable":true,"href":"https:\/\/contraluzcucuta.co\/index.php?rest_route=%2Fwp%2Fv2%2Fcategories&post=23956"},{"taxonomy":"post_tag","embeddable":true,"href":"https:\/\/contraluzcucuta.co\/index.php?rest_route=%2Fwp%2Fv2%2Ftags&post=23956"}],"curies":[{"name":"wp","href":"https:\/\/api.w.org\/{rel}","templated":true}]}}