{"id":23953,"date":"2015-04-26T16:54:59","date_gmt":"2015-04-26T21:54:59","guid":{"rendered":"http:\/\/contraluzcucuta.co\/?p=23953"},"modified":"2015-04-29T15:50:44","modified_gmt":"2015-04-29T20:50:44","slug":"arreglo-de-vias-inversion-en-pavimentacion-llegara-a-150-000-millones","status":"publish","type":"post","link":"https:\/\/contraluzcucuta.co\/?p=23953","title":{"rendered":"ARREGLO DE V\u00cdAS. Inversi\u00f3n en pavimentaci\u00f3n llegar\u00e1 a $ 150.000 millones"},"content":{"rendered":"<p><strong>C\u00daCUTA.-<\/strong> La administraci\u00f3n municipal encabezada por Mar\u00eda Eugenia Riascos invirti\u00f3 $ 1000 millones anuales en el arreglo de las v\u00edas cucute\u00f1as. El gobierno actual anunci\u00f3 la destinaci\u00f3n de $ 30.000 millones para reparar las calles de la ciudad. En cuatro a\u00f1os el monto para atender el problema vial de la capital de Norte de Santander llega a los $ 150.000 millones.<\/p>\n<p>Las cuentas del alcalde Donamaris Ram\u00edrez lo llevaron a decir que su antecesora requerir\u00eda de 150 a\u00f1os para adelantar las v\u00edas locales. \u201cNuestro plan es no parar, estamos cubriendo grandes sectores\u201d, dijo.<\/p>\n<p>Los frentes de trabajo comprender\u00e1n:<\/p>\n<p>1.- V\u00edas principales de la ciudad<\/p>\n<p>2.- Rutas de buses y busetas<\/p>\n<p>3.- Rutas secundarias<\/p>\n<p>Las labores en las cuadras de los barrios quedar\u00e1n para que las atienda el alcalde elegido en octubre. La prioridad, en esta ocasi\u00f3n, \u00a0era tomar grandes sectores y franjas de comunicaci\u00f3n. Adem\u00e1s del arreglo de calles y avenidas, se ha generado empleo y permitido una mejor circulaci\u00f3n vehicular.<\/p>\n<p>\u201cLa inversi\u00f3n es hist\u00f3rica, si tenemos en cuenta que la pasada administraci\u00f3n el a\u00f1o que m\u00e1s invirti\u00f3 en v\u00edas fue $ 1000 millones\u201d, reiter\u00f3 Ram\u00edrez.<\/p>\n<p>Otros trabajos que se llevar\u00e1n a cabo ser\u00e1n las modificaciones est\u00e9ticas en torno a los parques. Por tratarse de lugares tur\u00edsticos se les pondr\u00e1 adoqu\u00edn en arcilla. El ejemplo puede verse en el parqueadero del parque C\u00facuta 300 a\u00f1os.<\/p>\n<p>De la inversi\u00f3n vial se destinar\u00e1n $ 3000 millones para la reparaci\u00f3n de los siguientes separadores:<\/p>\n<p>1.- Avenida Guaimaral<\/p>\n<p>2.- Avenida 9E desde La Riviera hasta Quinta Oriental<\/p>\n<p>3.- Calle 13 Cl\u00ednica San Jos\u00e9<\/p>\n<p>4.- Avenida de las Am\u00e9ricas<\/p>\n<p>5.- Ciudadela Juan Atalaya.<\/p>\n<p>La noticia entregada por el alcalde Donamaris Ram\u00edrez que alegra a los cucute\u00f1os est\u00e1 relacionada con la red de sem\u00e1foros. La administraci\u00f3n municipal anunci\u00f3 $ 7500 millones para poner en funcionamiento los aparatos. Semanas atr\u00e1s los conductores afrontan problemas por la descomposici\u00f3n de los sem\u00e1foros en la mayor parte del centro de la ciudad.<\/p>\n<p>Foto: PRENSA ALCALD\u00cdA DE C\u00daCUTA<\/p>\n<p>&nbsp; <\/p>\n","protected":false},"excerpt":{"rendered":"<p>C\u00daCUTA.- La administraci\u00f3n municipal encabezada por Mar\u00eda Eugenia Riascos invirti\u00f3 $ 1000 millones anuales en el arreglo de las v\u00edas cucute\u00f1as. El gobierno actual anunci\u00f3 la destinaci\u00f3n de $ 30.000 millones para reparar las calles de la ciudad. En cuatro a\u00f1os el monto para atender el problema vial de la capital de Norte de Santander &hellip;<\/p>\n","protected":false},"author":1,"featured_media":23954,"comment_status":"open","ping_status":"open","sticky":false,"template":"","format":"standard","meta":{"footnotes":""},"categories":[541,6],"tags":[226,2185,2184],"class_list":["post-23953","post","type-post","status-publish","format-standard","has-post-thumbnail","hentry","category-ciudad","category-ojo-avizor","tag-alcaldia-de-cucuta","tag-programa-de-pavimentacion","tag-vias-de-cucuta"],"_links":{"self":[{"href":"https:\/\/contraluzcucuta.co\/index.php?rest_route=\/wp\/v2\/posts\/23953","targetHints":{"allow":["GET"]}}],"collection":[{"href":"https:\/\/contraluzcucuta.co\/index.php?rest_route=\/wp\/v2\/posts"}],"about":[{"href":"https:\/\/contraluzcucuta.co\/index.php?rest_route=\/wp\/v2\/types\/post"}],"author":[{"embeddable":true,"href":"https:\/\/contraluzcucuta.co\/index.php?rest_route=\/wp\/v2\/users\/1"}],"replies":[{"embeddable":true,"href":"https:\/\/contraluzcucuta.co\/index.php?rest_route=%2Fwp%2Fv2%2Fcomments&post=23953"}],"version-history":[{"count":1,"href":"https:\/\/contraluzcucuta.co\/index.php?rest_route=\/wp\/v2\/posts\/23953\/revisions"}],"predecessor-version":[{"id":23955,"href":"https:\/\/contraluzcucuta.co\/index.php?rest_route=\/wp\/v2\/posts\/23953\/revisions\/23955"}],"wp:featuredmedia":[{"embeddable":true,"href":"https:\/\/contraluzcucuta.co\/index.php?rest_route=\/wp\/v2\/media\/23954"}],"wp:attachment":[{"href":"https:\/\/contraluzcucuta.co\/index.php?rest_route=%2Fwp%2Fv2%2Fmedia&parent=23953"}],"wp:term":[{"taxonomy":"category","embeddable":true,"href":"https:\/\/contraluzcucuta.co\/index.php?rest_route=%2Fwp%2Fv2%2Fcategories&post=23953"},{"taxonomy":"post_tag","embeddable":true,"href":"https:\/\/contraluzcucuta.co\/index.php?rest_route=%2Fwp%2Fv2%2Ftags&post=23953"}],"curies":[{"name":"wp","href":"https:\/\/api.w.org\/{rel}","templated":true}]}}