{"id":23950,"date":"2015-04-23T23:06:36","date_gmt":"2015-04-24T04:06:36","guid":{"rendered":"http:\/\/contraluzcucuta.co\/?p=23950"},"modified":"2015-04-26T19:48:22","modified_gmt":"2015-04-27T00:48:22","slug":"notas-al-margen-el-cambio-y-la-trasformacion-que-hacen-falta","status":"publish","type":"post","link":"https:\/\/contraluzcucuta.co\/?p=23950","title":{"rendered":"NOTAS AL MARGEN. El cambio y la trasformaci\u00f3n que hacen falta"},"content":{"rendered":"<p>1.Mientras\u00a0 a nivel directivo, gerencial\u00a0 y de orientadores en general, con ayuda de los centros docentes\u00a0 &#8211; que de lo infantil conducen hasta lo universitario e inclusive a las maestr\u00edas y doctorados &#8211;\u00a0 no haya \u2013 y se establezca -una mayor compenetraci\u00f3n\u00a0 y responsabilidad, con lo que entre nosotros ocurre y llena de modorra y pasividad el ambiente, no obstante el apremio que viven miles de familias y los lamentables acontecimientos\u00a0 que pululan por todas partes, el progreso y el desarrollo ser\u00e1n un embeleco y la indiferencia, el desd\u00e9n y el dejar pasar las horas y los d\u00edas unas consecuencias claras y rotundas de los vac\u00edos que se prodigan y alimentan diariamente en\u00a0 una regi\u00f3n que tiene bases sobre las cuales puede erguirse, as\u00ed como\u00a0 ventajas comparativas- de enorme importancia &#8211; que no se han aprovechado, porque escasea y faltan solidaridad, compenetraci\u00f3n\u00a0 y\u00a0 una labor con visi\u00f3n m\u00e1s futurista.<\/p>\n<p>Estamos ante uno de los momentos m\u00e1s cr\u00edticos de la relaci\u00f3n inter fronteriza y en lugar de promoverse asociaciones y gestiones binacionales, mediante di\u00e1logos y valoraci\u00f3n de realidades que permitan unos mejoramientos estructurales y unas asistencias b\u00e1sicas, sin afectar los pilares de la soberan\u00eda y la democracia, ni las necesidades de nuestras poblaciones, lo que se escucha y se lee es el desamparo, la omisi\u00f3n y el olvido a los fundamentos de la fraternidad, la colindancia y la mancomunidad de nuestros comunes intereses, sin que surja una reacci\u00f3n positiva.<\/p>\n<p>2.- \u00bfCu\u00e1nto hace que en el complejo hist\u00f3rico del Rosario \u2013el m\u00e1s importante centro de integraci\u00f3n\u00a0 y de visi\u00f3n americanista del Continente \u2013 la cita con los presidentes, ministros y embajadores, se mantiene\u00a0 en suspenso? \u00bfPor qu\u00e9 habiendo estudios y sentidas necesidades el empalme entre Norte de Santander y Santander, por el Alto del Escorial, sigue pendiente de las dobles calzadas, que se construir\u00e1n en el A\u00f1o de Upa, mientras otras regiones \u00a0avanzan en la infraestructura b\u00e1sica?<\/p>\n<p>3.- Pero, hay m\u00e1s \u00bfPor qu\u00e9 no hay aut\u00e9nticas expresiones de atenci\u00f3n, para la soluci\u00f3n de los problemas de agua, gas, aeropuerto internacional, fondo o banco de desarrollo fronterizo, regularizaci\u00f3n de la movilidad y de los derechos de uso regional y fronterizo? \u00bfY con ellos al impulso y desarrollo\u00a0 de Parques Industriales y Tecnol\u00f3gicos, con Zonas Francas Especializadas, que pudi\u00e9ramos\u00a0 vigorizar y dinamizar \u2013conjuntamente &#8211; en la frontera binacional?<\/p>\n<p>Por eso, a las gobernaciones, las alcald\u00edas y en todas las\u00a0 representaciones de orden pol\u00edtico y gremial &#8211; que comprometan la vivencia regional y fronteriza- \u00a0deben ser llamados y apoyados, verdaderos exponentes y agentes de la necesitada\u00a0 y olvidada conciencia p\u00fablica ,que por ausencia de normas\u00a0 y regulaciones, como de aut\u00e9nticos partidos pol\u00edticos y\u00a0 de compenetraciones y\u00a0\u00a0 analistas de la realidad y\u00a0 perspectivas binacionales fronterizas, nos llevan al ostracismo y al abandono y marginalidad, porque los poderes centrales no act\u00faan, ni\u00a0 nadie, los activa y compromete.\u00a0\u00a0 \u00a1Por eso, el cambio, transformaci\u00f3n y urgencia\u00a0 hacia\u00a0 nuevas vivencias!<\/p>\n<p><strong>Jos\u00e9 Neira Rey\u00a0\u00a0\u00a0\u00a0\u00a0\u00a0\u00a0\u00a0\u00a0\u00a0\u00a0\u00a0\u00a0\u00a0\u00a0\u00a0\u00a0\u00a0\u00a0\u00a0\u00a0\u00a0\u00a0\u00a0\u00a0\u00a0 <\/strong><\/p>\n<p><strong><a href=\"mailto:jneirarey@hotmail.com\">jneirarey@hotmail.com<\/a><\/strong><\/p>\n<p><strong>\u00a0Foto:\u00a0<a class=\"irc_hl irc_hol\" style=\"font-weight: normal; color: #7d7d7d;\" href=\"https:\/\/www.google.com.co\/url?sa=i&amp;rct=j&amp;q=&amp;esrc=s&amp;source=images&amp;cd=&amp;ved=0CAYQjB0&amp;url=http%3A%2F%2Fwww.viztaz.com.co%2Fcolombia%2Fbanco%2Fpicture.php%3F%2F9173%2Ftags%2F71-religion&amp;ei=28A5VaTpIvKxsATfp4CwAQ&amp;bvm=bv.91427555,d.cWc&amp;psig=AFQjCNEUd5t9XyEC6_ium8UIGLENI_Re9A&amp;ust=1429934633799172\" data-ved=\"0CAYQjB0\" data-href=\"http:\/\/www.viztaz.com.co\/colombia\/banco\/picture.php?\/9173\/tags\/71-religion\"><span class=\"irc_ho\" dir=\"ltr\" style=\"color: #7d7d7d;\">www.viztaz.com.co<\/span><\/a><\/strong> <\/p>\n","protected":false},"excerpt":{"rendered":"<p>1.Mientras\u00a0 a nivel directivo, gerencial\u00a0 y de orientadores en general, con ayuda de los centros docentes\u00a0 &#8211; que de lo infantil conducen hasta lo universitario e inclusive a las maestr\u00edas y doctorados &#8211;\u00a0 no haya \u2013 y se establezca -una mayor compenetraci\u00f3n\u00a0 y responsabilidad, con lo que entre nosotros ocurre y llena de modorra y &hellip;<\/p>\n","protected":false},"author":1,"featured_media":23951,"comment_status":"open","ping_status":"open","sticky":false,"template":"","format":"standard","meta":{"footnotes":""},"categories":[14,6],"tags":[382,1759,956],"class_list":["post-23950","post","type-post","status-publish","format-standard","has-post-thumbnail","hentry","category-articulistas","category-ojo-avizor","tag-jose-neira","tag-jose-neira-notas-al-margen","tag-notas-al-margen"],"_links":{"self":[{"href":"https:\/\/contraluzcucuta.co\/index.php?rest_route=\/wp\/v2\/posts\/23950","targetHints":{"allow":["GET"]}}],"collection":[{"href":"https:\/\/contraluzcucuta.co\/index.php?rest_route=\/wp\/v2\/posts"}],"about":[{"href":"https:\/\/contraluzcucuta.co\/index.php?rest_route=\/wp\/v2\/types\/post"}],"author":[{"embeddable":true,"href":"https:\/\/contraluzcucuta.co\/index.php?rest_route=\/wp\/v2\/users\/1"}],"replies":[{"embeddable":true,"href":"https:\/\/contraluzcucuta.co\/index.php?rest_route=%2Fwp%2Fv2%2Fcomments&post=23950"}],"version-history":[{"count":1,"href":"https:\/\/contraluzcucuta.co\/index.php?rest_route=\/wp\/v2\/posts\/23950\/revisions"}],"predecessor-version":[{"id":23952,"href":"https:\/\/contraluzcucuta.co\/index.php?rest_route=\/wp\/v2\/posts\/23950\/revisions\/23952"}],"wp:featuredmedia":[{"embeddable":true,"href":"https:\/\/contraluzcucuta.co\/index.php?rest_route=\/wp\/v2\/media\/23951"}],"wp:attachment":[{"href":"https:\/\/contraluzcucuta.co\/index.php?rest_route=%2Fwp%2Fv2%2Fmedia&parent=23950"}],"wp:term":[{"taxonomy":"category","embeddable":true,"href":"https:\/\/contraluzcucuta.co\/index.php?rest_route=%2Fwp%2Fv2%2Fcategories&post=23950"},{"taxonomy":"post_tag","embeddable":true,"href":"https:\/\/contraluzcucuta.co\/index.php?rest_route=%2Fwp%2Fv2%2Ftags&post=23950"}],"curies":[{"name":"wp","href":"https:\/\/api.w.org\/{rel}","templated":true}]}}