{"id":23939,"date":"2015-04-23T22:09:09","date_gmt":"2015-04-24T03:09:09","guid":{"rendered":"http:\/\/contraluzcucuta.co\/?p=23939"},"modified":"2015-04-23T22:09:09","modified_gmt":"2015-04-24T03:09:09","slug":"aguas-kpital-velada-cultural-lamerasabrosura-con-lisa-reggae","status":"publish","type":"post","link":"https:\/\/contraluzcucuta.co\/?p=23939","title":{"rendered":"AGUAS KPITAL. Velada cultural, \u2018lamerasabrosura\u2019, con Lisa Reggae"},"content":{"rendered":"<p><strong>C\u00daCUTA.-<\/strong> Por los micr\u00f3fonos de las acostumbras Veladas Culturales pasan, los viernes, artistas y agrupaciones locales, regionales e internaciones. Aguas Kpital C\u00facuta apoya este espacio cultural abierto a la comunidad cucute\u00f1a.<\/p>\n<p>Para amenizar la noche de este 24 de abril, la empresa invit\u00f3 a 10 talentosos j\u00f3venes inquietos por la m\u00fasica de origen jamaiquina. Lisa Reggae, agrupaci\u00f3n cucute\u00f1a con seis a\u00f1os de trabajo para consolidar un sue\u00f1o, naci\u00f3 desde la universidad. Presenta el g\u00e9nero reggae a su mejor estilo \u2018LaMeraSabrosura\u2019, como lo expresan en cada presentaci\u00f3n.<\/p>\n<p>La empresa espera a las familias cucute\u00f1as y a los admiradores de Lisa Reggae, a las 7:00 de la noche, en el puente de guadua, para compartir del talento joven y local.<\/p>\n<p>&nbsp;<\/p>\n<p>&nbsp; <\/p>\n","protected":false},"excerpt":{"rendered":"<p>C\u00daCUTA.- Por los micr\u00f3fonos de las acostumbras Veladas Culturales pasan, los viernes, artistas y agrupaciones locales, regionales e internaciones. Aguas Kpital C\u00facuta apoya este espacio cultural abierto a la comunidad cucute\u00f1a. Para amenizar la noche de este 24 de abril, la empresa invit\u00f3 a 10 talentosos j\u00f3venes inquietos por la m\u00fasica de origen jamaiquina. Lisa &hellip;<\/p>\n","protected":false},"author":1,"featured_media":23940,"comment_status":"open","ping_status":"open","sticky":false,"template":"","format":"standard","meta":{"footnotes":""},"categories":[36],"tags":[248],"class_list":["post-23939","post","type-post","status-publish","format-standard","has-post-thumbnail","hentry","category-la-voz-del-pueblo","tag-aguas-kpital"],"_links":{"self":[{"href":"https:\/\/contraluzcucuta.co\/index.php?rest_route=\/wp\/v2\/posts\/23939","targetHints":{"allow":["GET"]}}],"collection":[{"href":"https:\/\/contraluzcucuta.co\/index.php?rest_route=\/wp\/v2\/posts"}],"about":[{"href":"https:\/\/contraluzcucuta.co\/index.php?rest_route=\/wp\/v2\/types\/post"}],"author":[{"embeddable":true,"href":"https:\/\/contraluzcucuta.co\/index.php?rest_route=\/wp\/v2\/users\/1"}],"replies":[{"embeddable":true,"href":"https:\/\/contraluzcucuta.co\/index.php?rest_route=%2Fwp%2Fv2%2Fcomments&post=23939"}],"version-history":[{"count":1,"href":"https:\/\/contraluzcucuta.co\/index.php?rest_route=\/wp\/v2\/posts\/23939\/revisions"}],"predecessor-version":[{"id":23941,"href":"https:\/\/contraluzcucuta.co\/index.php?rest_route=\/wp\/v2\/posts\/23939\/revisions\/23941"}],"wp:featuredmedia":[{"embeddable":true,"href":"https:\/\/contraluzcucuta.co\/index.php?rest_route=\/wp\/v2\/media\/23940"}],"wp:attachment":[{"href":"https:\/\/contraluzcucuta.co\/index.php?rest_route=%2Fwp%2Fv2%2Fmedia&parent=23939"}],"wp:term":[{"taxonomy":"category","embeddable":true,"href":"https:\/\/contraluzcucuta.co\/index.php?rest_route=%2Fwp%2Fv2%2Fcategories&post=23939"},{"taxonomy":"post_tag","embeddable":true,"href":"https:\/\/contraluzcucuta.co\/index.php?rest_route=%2Fwp%2Fv2%2Ftags&post=23939"}],"curies":[{"name":"wp","href":"https:\/\/api.w.org\/{rel}","templated":true}]}}