{"id":23933,"date":"2015-04-23T19:44:13","date_gmt":"2015-04-24T00:44:13","guid":{"rendered":"http:\/\/contraluzcucuta.co\/?p=23933"},"modified":"2015-04-26T17:01:48","modified_gmt":"2015-04-26T22:01:48","slug":"dia-del-idioma-cucuta-se-comio-la-sopa-de-letras-y-se-alimento-con-lectura","status":"publish","type":"post","link":"https:\/\/contraluzcucuta.co\/?p=23933","title":{"rendered":"D\u00cdA DEL IDIOMA. C\u00facuta se comi\u00f3 la sopa de letras y se aliment\u00f3 con lectura"},"content":{"rendered":"<p><strong>C\u00daCUTA.<\/strong>&#8211; El D\u00eda del Idioma se celebra el 23 de abril, como homenaje a la memoria del escritor Miguel de Cervantes Saavedra. El espa\u00f1ol contribuy\u00f3 al engrandecimiento de la lengua con su obra maestra \u2018El Ingenioso Hidalgo Don Quijote de la Mancha\u2019.<\/p>\n<p>La palabra idioma tiene procedencia griega. Significa la manera de expresarse o el lenguaje usado para comunicarse unos con otros, entre los habitantes de un pueblo de una naci\u00f3n. Muchos idiomas se han utilizado en el mundo y muchos se han dejado de hablar. A esos se les llaman lenguas muertas, entre las que est\u00e1 el lat\u00edn. Uno de los idiomas m\u00e1s antiguos es el s\u00e1nscrito, originario de la India, y el arameo, seg\u00fan los expertos la lengua que hablaba Jes\u00fas.<\/p>\n<p>La Secretaria de Cultura y Turismo y la Red Municipal de Lectura y Escritura de C\u00facuta desarrollan en bibliotecas p\u00fablicas y salas de lectura jornadas para resaltar el buen uso de la lengua. Promueven la sana utilizaci\u00f3n para\u00a0 mantener las tradiciones culturales de un pueblo.<\/p>\n<p>En la conmemoraci\u00f3n del D\u00eda del Idioma, este a\u00f1o, las bibliotecas rindieron homenaje al escritor Colombiano Gabriel Garc\u00eda M\u00e1rquez, al cumplirse el primer aniversario del fallecimiento. La jornada principal se llev\u00f3 a cabo en el barrio Sim\u00f3n Bol\u00edvar.<\/p>\n<p>La secretaria de cultura Johanna G\u00e9lvez dio apertura a la actividad \u2018Me sabe a lectura\u2019, que consisti\u00f3 en preparar una sopa de letras. Los asistentes a las bibliotecas interact\u00faan por medio de letras y lecturas para despertar el sano esparcimiento del tiempo libre. La actividad l\u00fadica permite ampliar los niveles sociales y culturales entre la comunidad.<\/p>\n<p>\u2018C\u00facuta se alimenta de letras y lectura\u2019 es el lema utilizado por los promotores de lectura y bibliotecarios en las jornadas l\u00fadicas y recreativas.<\/p>\n<p>La Semana del Idioma finaliza este 24 de abril con talleres alusivos a la lectura y la escritura, cineclub y taller l\u00fadico de palabras con pinturas. Se espera que la comunidad participe en las jornadas planteadas para fortalecer el inter\u00e9s lector entre los cucute\u00f1os.<\/p>\n<p>Foto: PRENSA ALCALD\u00cdA<\/p>\n<p>&nbsp; <\/p>\n","protected":false},"excerpt":{"rendered":"<p>C\u00daCUTA.&#8211; El D\u00eda del Idioma se celebra el 23 de abril, como homenaje a la memoria del escritor Miguel de Cervantes Saavedra. El espa\u00f1ol contribuy\u00f3 al engrandecimiento de la lengua con su obra maestra \u2018El Ingenioso Hidalgo Don Quijote de la Mancha\u2019. La palabra idioma tiene procedencia griega. Significa la manera de expresarse o el &hellip;<\/p>\n","protected":false},"author":1,"featured_media":23934,"comment_status":"open","ping_status":"open","sticky":false,"template":"","format":"standard","meta":{"footnotes":""},"categories":[36,37],"tags":[2179],"class_list":["post-23933","post","type-post","status-publish","format-standard","has-post-thumbnail","hentry","category-la-voz-del-pueblo","category-paseo-cultural","tag-dia-del-idioma-en-cucuta"],"_links":{"self":[{"href":"https:\/\/contraluzcucuta.co\/index.php?rest_route=\/wp\/v2\/posts\/23933","targetHints":{"allow":["GET"]}}],"collection":[{"href":"https:\/\/contraluzcucuta.co\/index.php?rest_route=\/wp\/v2\/posts"}],"about":[{"href":"https:\/\/contraluzcucuta.co\/index.php?rest_route=\/wp\/v2\/types\/post"}],"author":[{"embeddable":true,"href":"https:\/\/contraluzcucuta.co\/index.php?rest_route=\/wp\/v2\/users\/1"}],"replies":[{"embeddable":true,"href":"https:\/\/contraluzcucuta.co\/index.php?rest_route=%2Fwp%2Fv2%2Fcomments&post=23933"}],"version-history":[{"count":1,"href":"https:\/\/contraluzcucuta.co\/index.php?rest_route=\/wp\/v2\/posts\/23933\/revisions"}],"predecessor-version":[{"id":23935,"href":"https:\/\/contraluzcucuta.co\/index.php?rest_route=\/wp\/v2\/posts\/23933\/revisions\/23935"}],"wp:featuredmedia":[{"embeddable":true,"href":"https:\/\/contraluzcucuta.co\/index.php?rest_route=\/wp\/v2\/media\/23934"}],"wp:attachment":[{"href":"https:\/\/contraluzcucuta.co\/index.php?rest_route=%2Fwp%2Fv2%2Fmedia&parent=23933"}],"wp:term":[{"taxonomy":"category","embeddable":true,"href":"https:\/\/contraluzcucuta.co\/index.php?rest_route=%2Fwp%2Fv2%2Fcategories&post=23933"},{"taxonomy":"post_tag","embeddable":true,"href":"https:\/\/contraluzcucuta.co\/index.php?rest_route=%2Fwp%2Fv2%2Ftags&post=23933"}],"curies":[{"name":"wp","href":"https:\/\/api.w.org\/{rel}","templated":true}]}}